{"id":10068,"date":"2026-04-20T18:13:56","date_gmt":"2026-04-21T01:13:56","guid":{"rendered":"https:\/\/eltermometro.mx\/?p=10068"},"modified":"2026-04-20T18:18:24","modified_gmt":"2026-04-21T01:18:24","slug":"fortalece-zona-1-de-educacion-especial-las-practicas-inclusivas-mediante-capacitacion-docente","status":"publish","type":"post","link":"https:\/\/eltermometro.mx\/index.php\/2026\/04\/20\/fortalece-zona-1-de-educacion-especial-las-practicas-inclusivas-mediante-capacitacion-docente\/","title":{"rendered":"Fortalece zona 1 de educaci\u00f3n especial las pr\u00e1cticas inclusivas mediante capacitaci\u00f3n docente"},"content":{"rendered":"\n<p>MEXICALI.- Con el prop\u00f3sito de fortalecer las pr\u00e1cticas inclusivas en las aulas y brindar una atenci\u00f3n educativa de calidad, la Zona 1 de Educaci\u00f3n Especial llev\u00f3 a cabo una jornada de capacitaci\u00f3n dirigida a directivos y docentes de los servicios de USAER y CRIEE de Mexicali.<\/p>\n\n\n\n<p>En seguimiento a la instrucci\u00f3n de la Gobernadora del Estado, Marina del Pilar Avila Olmeda, las escuelas est\u00e1n trabajando en acciones&nbsp; a favor de la inclusi\u00f3n, equidad y excelencia, afirm\u00f3 la secretaria de Educaci\u00f3n, Irma Mart\u00ednez Manr\u00edquez.<\/p>\n\n\n\n<figure class=\"wp-block-image size-full\"><img loading=\"lazy\" decoding=\"async\" width=\"1067\" height=\"665\" src=\"https:\/\/eltermometro.mx\/wp-content\/uploads\/2026\/04\/WhatsApp-Image-2026-04-20-at-12.24.41-PM.jpeg\" alt=\"\" class=\"wp-image-10065\" srcset=\"https:\/\/eltermometro.mx\/wp-content\/uploads\/2026\/04\/WhatsApp-Image-2026-04-20-at-12.24.41-PM.jpeg 1067w, https:\/\/eltermometro.mx\/wp-content\/uploads\/2026\/04\/WhatsApp-Image-2026-04-20-at-12.24.41-PM-768x479.jpeg 768w\" sizes=\"auto, (max-width: 1067px) 100vw, 1067px\" \/><\/figure>\n\n\n\n<p>Durante la capacitaci\u00f3n se desarrollaron dos temas fundamentales para la mejora de los procesos educativos: el primero, \u201cPrevenci\u00f3n y autorregulaci\u00f3n en el aula\u201d, impartido por la Psic. Luz Gissel V\u00e1zquez Hern\u00e1ndez; y el segundo, \u201cIdentificaci\u00f3n de los trastornos espec\u00edficos de aprendizaje\u201d, a cargo del Mtro. Gustavo Alonso G\u00f3mez Baltazar y la Psic. Elsye Karen Rivas Garc\u00eda.<\/p>\n\n\n\n<p>Esta actualizaci\u00f3n tuvo como objetivo fortalecer las competencias profesionales de los participantes, promoviendo el desarrollo de estrategias para la autorregulaci\u00f3n emocional de las y los estudiantes, as\u00ed como la identificaci\u00f3n oportuna de trastornos espec\u00edficos de aprendizaje, a fin de garantizar una atenci\u00f3n adecuada que favorezca el m\u00e1ximo logro educativo.<\/p>\n\n\n\n<p>Por su parte, la Inspectora de la Zona 1 de Educaci\u00f3n Especial, Socorro Murga Amaro, subray\u00f3 que estas acciones responden al compromiso institucional de eliminar o minimizar las barreras que limitan el aprendizaje y la participaci\u00f3n plena de los estudiantes.<\/p>\n\n\n\n<p>En este mismo sentido, el coordinador Regional de Educaci\u00f3n Especial, Rodolfo Valenzuela Garc\u00eda, se\u00f1al\u00f3 que el Proceso de Mejora Continua correspondiente al ciclo escolar 2025-2026 contempla la implementaci\u00f3n de estrategias enfocadas en la atenci\u00f3n de estudiantes con discapacidad, aptitudes sobresalientes, as\u00ed como aquellos con condiciones como TEA, TDAH y trastornos espec\u00edficos de aprendizaje, conducta o comunicaci\u00f3n.<\/p>\n\n\n\n<figure class=\"wp-block-image size-full\"><img loading=\"lazy\" decoding=\"async\" width=\"1067\" height=\"665\" src=\"https:\/\/eltermometro.mx\/wp-content\/uploads\/2026\/04\/WhatsApp-Image-2026-04-20-at-12.24.42-PM-1.jpeg\" alt=\"\" class=\"wp-image-10066\" srcset=\"https:\/\/eltermometro.mx\/wp-content\/uploads\/2026\/04\/WhatsApp-Image-2026-04-20-at-12.24.42-PM-1.jpeg 1067w, https:\/\/eltermometro.mx\/wp-content\/uploads\/2026\/04\/WhatsApp-Image-2026-04-20-at-12.24.42-PM-1-768x479.jpeg 768w\" sizes=\"auto, (max-width: 1067px) 100vw, 1067px\" \/><\/figure>\n\n\n\n<p>Entre las metas establecidas se encuentra la capacitaci\u00f3n permanente del personal docente, la unificaci\u00f3n de criterios t\u00e9cnico-pedag\u00f3gicos en los servicios de apoyo y orientaci\u00f3n, as\u00ed como la promoci\u00f3n del trabajo colaborativo para mejorar los procesos de atenci\u00f3n educativa.<\/p>\n\n\n\n<p>Estas acciones de formaci\u00f3n docente forman parte de una estrategia integral que busca dotar a los profesionales de la educaci\u00f3n de herramientas pr\u00e1cticas que enriquezcan su labor y fortalezcan la atenci\u00f3n a la diversidad, contribuyendo as\u00ed al desarrollo pleno de las y los estudiantes de educaci\u00f3n b\u00e1sica.<\/p>\n","protected":false},"excerpt":{"rendered":"<p>MEXICALI.- Con el prop\u00f3sito de fortalecer las pr\u00e1cticas inclusivas en las aulas y brindar una atenci\u00f3n educativa de calidad, la Zona 1 de Educaci\u00f3n Especial llev\u00f3 a cabo una jornada de capacitaci\u00f3n dirigida a directivos y docentes de los servicios de USAER y CRIEE de Mexicali. En seguimiento a la instrucci\u00f3n de la Gobernadora del [&hellip;]<\/p>\n","protected":false},"author":2,"featured_media":10064,"comment_status":"closed","ping_status":"closed","sticky":false,"template":"","format":"standard","meta":{"footnotes":""},"categories":[3],"tags":[],"class_list":["post-10068","post","type-post","status-publish","format-standard","has-post-thumbnail","hentry","category-mexicali"],"yoast_head":"<!-- This site is optimized with the Yoast SEO plugin v27.4 - https:\/\/yoast.com\/product\/yoast-seo-wordpress\/ -->\n<title>Fortalece zona 1 de educaci\u00f3n especial las pr\u00e1cticas inclusivas mediante capacitaci\u00f3n docente - El Term\u00f3metro de la Noticia<\/title>\n<meta name=\"robots\" content=\"index, follow, max-snippet:-1, max-image-preview:large, max-video-preview:-1\" \/>\n<link rel=\"canonical\" href=\"https:\/\/eltermometro.mx\/index.php\/2026\/04\/20\/fortalece-zona-1-de-educacion-especial-las-practicas-inclusivas-mediante-capacitacion-docente\/\" \/>\n<meta property=\"og:locale\" content=\"es_ES\" \/>\n<meta property=\"og:type\" content=\"article\" \/>\n<meta property=\"og:title\" content=\"Fortalece zona 1 de educaci\u00f3n especial las pr\u00e1cticas inclusivas mediante capacitaci\u00f3n docente - El Term\u00f3metro de la Noticia\" \/>\n<meta property=\"og:description\" content=\"MEXICALI.- Con el prop\u00f3sito de fortalecer las pr\u00e1cticas inclusivas en las aulas y brindar una atenci\u00f3n educativa de calidad, la Zona 1 de Educaci\u00f3n Especial llev\u00f3 a cabo una jornada de capacitaci\u00f3n dirigida a directivos y docentes de los servicios de USAER y CRIEE de Mexicali. En seguimiento a la instrucci\u00f3n de la Gobernadora del [&hellip;]\" \/>\n<meta property=\"og:url\" content=\"https:\/\/eltermometro.mx\/index.php\/2026\/04\/20\/fortalece-zona-1-de-educacion-especial-las-practicas-inclusivas-mediante-capacitacion-docente\/\" \/>\n<meta property=\"og:site_name\" content=\"El Term\u00f3metro de la Noticia\" \/>\n<meta property=\"article:publisher\" content=\"https:\/\/www.facebook.com\/eltermometrodelanoticia.mx\/\" \/>\n<meta property=\"article:published_time\" content=\"2026-04-21T01:13:56+00:00\" \/>\n<meta property=\"article:modified_time\" content=\"2026-04-21T01:18:24+00:00\" \/>\n<meta property=\"og:image\" content=\"https:\/\/eltermometro.mx\/wp-content\/uploads\/2026\/04\/WhatsApp-Image-2026-04-20-at-12.24.42-PM-3.jpeg\" \/>\n\t<meta property=\"og:image:width\" content=\"1067\" \/>\n\t<meta property=\"og:image:height\" content=\"665\" \/>\n\t<meta property=\"og:image:type\" content=\"image\/jpeg\" \/>\n<meta name=\"author\" content=\"Staff El Term\u00f3metro de la Noticia\" \/>\n<meta name=\"twitter:card\" content=\"summary_large_image\" \/>\n<meta name=\"twitter:label1\" content=\"Escrito por\" \/>\n\t<meta name=\"twitter:data1\" content=\"Staff El Term\u00f3metro de la Noticia\" \/>\n\t<meta name=\"twitter:label2\" content=\"Tiempo de lectura\" \/>\n\t<meta name=\"twitter:data2\" content=\"3 minutos\" \/>\n<script type=\"application\/ld+json\" class=\"yoast-schema-graph\">{\"@context\":\"https:\\\/\\\/schema.org\",\"@graph\":[{\"@type\":\"Article\",\"@id\":\"https:\\\/\\\/eltermometro.mx\\\/index.php\\\/2026\\\/04\\\/20\\\/fortalece-zona-1-de-educacion-especial-las-practicas-inclusivas-mediante-capacitacion-docente\\\/#article\",\"isPartOf\":{\"@id\":\"https:\\\/\\\/eltermometro.mx\\\/index.php\\\/2026\\\/04\\\/20\\\/fortalece-zona-1-de-educacion-especial-las-practicas-inclusivas-mediante-capacitacion-docente\\\/\"},\"author\":{\"name\":\"Staff El Term\u00f3metro de la Noticia\",\"@id\":\"https:\\\/\\\/eltermometro.mx\\\/#\\\/schema\\\/person\\\/639e7bbb8ebc8278e3840b35c51713e0\"},\"headline\":\"Fortalece zona 1 de educaci\u00f3n especial las pr\u00e1cticas inclusivas mediante capacitaci\u00f3n docente\",\"datePublished\":\"2026-04-21T01:13:56+00:00\",\"dateModified\":\"2026-04-21T01:18:24+00:00\",\"mainEntityOfPage\":{\"@id\":\"https:\\\/\\\/eltermometro.mx\\\/index.php\\\/2026\\\/04\\\/20\\\/fortalece-zona-1-de-educacion-especial-las-practicas-inclusivas-mediante-capacitacion-docente\\\/\"},\"wordCount\":431,\"publisher\":{\"@id\":\"https:\\\/\\\/eltermometro.mx\\\/#organization\"},\"image\":{\"@id\":\"https:\\\/\\\/eltermometro.mx\\\/index.php\\\/2026\\\/04\\\/20\\\/fortalece-zona-1-de-educacion-especial-las-practicas-inclusivas-mediante-capacitacion-docente\\\/#primaryimage\"},\"thumbnailUrl\":\"https:\\\/\\\/eltermometro.mx\\\/wp-content\\\/uploads\\\/2026\\\/04\\\/WhatsApp-Image-2026-04-20-at-12.24.42-PM-3.jpeg\",\"articleSection\":[\"MEXICALI\"],\"inLanguage\":\"es\"},{\"@type\":\"WebPage\",\"@id\":\"https:\\\/\\\/eltermometro.mx\\\/index.php\\\/2026\\\/04\\\/20\\\/fortalece-zona-1-de-educacion-especial-las-practicas-inclusivas-mediante-capacitacion-docente\\\/\",\"url\":\"https:\\\/\\\/eltermometro.mx\\\/index.php\\\/2026\\\/04\\\/20\\\/fortalece-zona-1-de-educacion-especial-las-practicas-inclusivas-mediante-capacitacion-docente\\\/\",\"name\":\"Fortalece zona 1 de educaci\u00f3n especial las pr\u00e1cticas inclusivas mediante capacitaci\u00f3n docente - El Term\u00f3metro de la Noticia\",\"isPartOf\":{\"@id\":\"https:\\\/\\\/eltermometro.mx\\\/#website\"},\"primaryImageOfPage\":{\"@id\":\"https:\\\/\\\/eltermometro.mx\\\/index.php\\\/2026\\\/04\\\/20\\\/fortalece-zona-1-de-educacion-especial-las-practicas-inclusivas-mediante-capacitacion-docente\\\/#primaryimage\"},\"image\":{\"@id\":\"https:\\\/\\\/eltermometro.mx\\\/index.php\\\/2026\\\/04\\\/20\\\/fortalece-zona-1-de-educacion-especial-las-practicas-inclusivas-mediante-capacitacion-docente\\\/#primaryimage\"},\"thumbnailUrl\":\"https:\\\/\\\/eltermometro.mx\\\/wp-content\\\/uploads\\\/2026\\\/04\\\/WhatsApp-Image-2026-04-20-at-12.24.42-PM-3.jpeg\",\"datePublished\":\"2026-04-21T01:13:56+00:00\",\"dateModified\":\"2026-04-21T01:18:24+00:00\",\"breadcrumb\":{\"@id\":\"https:\\\/\\\/eltermometro.mx\\\/index.php\\\/2026\\\/04\\\/20\\\/fortalece-zona-1-de-educacion-especial-las-practicas-inclusivas-mediante-capacitacion-docente\\\/#breadcrumb\"},\"inLanguage\":\"es\",\"potentialAction\":[{\"@type\":\"ReadAction\",\"target\":[\"https:\\\/\\\/eltermometro.mx\\\/index.php\\\/2026\\\/04\\\/20\\\/fortalece-zona-1-de-educacion-especial-las-practicas-inclusivas-mediante-capacitacion-docente\\\/\"]}]},{\"@type\":\"ImageObject\",\"inLanguage\":\"es\",\"@id\":\"https:\\\/\\\/eltermometro.mx\\\/index.php\\\/2026\\\/04\\\/20\\\/fortalece-zona-1-de-educacion-especial-las-practicas-inclusivas-mediante-capacitacion-docente\\\/#primaryimage\",\"url\":\"https:\\\/\\\/eltermometro.mx\\\/wp-content\\\/uploads\\\/2026\\\/04\\\/WhatsApp-Image-2026-04-20-at-12.24.42-PM-3.jpeg\",\"contentUrl\":\"https:\\\/\\\/eltermometro.mx\\\/wp-content\\\/uploads\\\/2026\\\/04\\\/WhatsApp-Image-2026-04-20-at-12.24.42-PM-3.jpeg\",\"width\":1067,\"height\":665},{\"@type\":\"BreadcrumbList\",\"@id\":\"https:\\\/\\\/eltermometro.mx\\\/index.php\\\/2026\\\/04\\\/20\\\/fortalece-zona-1-de-educacion-especial-las-practicas-inclusivas-mediante-capacitacion-docente\\\/#breadcrumb\",\"itemListElement\":[{\"@type\":\"ListItem\",\"position\":1,\"name\":\"Portada\",\"item\":\"https:\\\/\\\/eltermometro.mx\\\/\"},{\"@type\":\"ListItem\",\"position\":2,\"name\":\"Fortalece zona 1 de educaci\u00f3n especial las pr\u00e1cticas inclusivas mediante capacitaci\u00f3n docente\"}]},{\"@type\":\"WebSite\",\"@id\":\"https:\\\/\\\/eltermometro.mx\\\/#website\",\"url\":\"https:\\\/\\\/eltermometro.mx\\\/\",\"name\":\"El Tem\u00f3metro de la Noticia\",\"description\":\"\",\"publisher\":{\"@id\":\"https:\\\/\\\/eltermometro.mx\\\/#organization\"},\"potentialAction\":[{\"@type\":\"SearchAction\",\"target\":{\"@type\":\"EntryPoint\",\"urlTemplate\":\"https:\\\/\\\/eltermometro.mx\\\/?s={search_term_string}\"},\"query-input\":{\"@type\":\"PropertyValueSpecification\",\"valueRequired\":true,\"valueName\":\"search_term_string\"}}],\"inLanguage\":\"es\"},{\"@type\":\"Organization\",\"@id\":\"https:\\\/\\\/eltermometro.mx\\\/#organization\",\"name\":\"El Tem\u00f3metro de la Noticia\",\"url\":\"https:\\\/\\\/eltermometro.mx\\\/\",\"logo\":{\"@type\":\"ImageObject\",\"inLanguage\":\"es\",\"@id\":\"https:\\\/\\\/eltermometro.mx\\\/#\\\/schema\\\/logo\\\/image\\\/\",\"url\":\"https:\\\/\\\/eltermometro.mx\\\/wp-content\\\/uploads\\\/2024\\\/09\\\/cropped-logo-ok.png\",\"contentUrl\":\"https:\\\/\\\/eltermometro.mx\\\/wp-content\\\/uploads\\\/2024\\\/09\\\/cropped-logo-ok.png\",\"width\":800,\"height\":224,\"caption\":\"El Tem\u00f3metro de la Noticia\"},\"image\":{\"@id\":\"https:\\\/\\\/eltermometro.mx\\\/#\\\/schema\\\/logo\\\/image\\\/\"},\"sameAs\":[\"https:\\\/\\\/www.facebook.com\\\/eltermometrodelanoticia.mx\\\/\"]},{\"@type\":\"Person\",\"@id\":\"https:\\\/\\\/eltermometro.mx\\\/#\\\/schema\\\/person\\\/639e7bbb8ebc8278e3840b35c51713e0\",\"name\":\"Staff El Term\u00f3metro de la Noticia\",\"url\":\"https:\\\/\\\/eltermometro.mx\\\/index.php\\\/author\\\/staff\\\/\"}]}<\/script>\n<!-- \/ Yoast SEO plugin. -->","yoast_head_json":{"title":"Fortalece zona 1 de educaci\u00f3n especial las pr\u00e1cticas inclusivas mediante capacitaci\u00f3n docente - El Term\u00f3metro de la Noticia","robots":{"index":"index","follow":"follow","max-snippet":"max-snippet:-1","max-image-preview":"max-image-preview:large","max-video-preview":"max-video-preview:-1"},"canonical":"https:\/\/eltermometro.mx\/index.php\/2026\/04\/20\/fortalece-zona-1-de-educacion-especial-las-practicas-inclusivas-mediante-capacitacion-docente\/","og_locale":"es_ES","og_type":"article","og_title":"Fortalece zona 1 de educaci\u00f3n especial las pr\u00e1cticas inclusivas mediante capacitaci\u00f3n docente - El Term\u00f3metro de la Noticia","og_description":"MEXICALI.- Con el prop\u00f3sito de fortalecer las pr\u00e1cticas inclusivas en las aulas y brindar una atenci\u00f3n educativa de calidad, la Zona 1 de Educaci\u00f3n Especial llev\u00f3 a cabo una jornada de capacitaci\u00f3n dirigida a directivos y docentes de los servicios de USAER y CRIEE de Mexicali. En seguimiento a la instrucci\u00f3n de la Gobernadora del [&hellip;]","og_url":"https:\/\/eltermometro.mx\/index.php\/2026\/04\/20\/fortalece-zona-1-de-educacion-especial-las-practicas-inclusivas-mediante-capacitacion-docente\/","og_site_name":"El Term\u00f3metro de la Noticia","article_publisher":"https:\/\/www.facebook.com\/eltermometrodelanoticia.mx\/","article_published_time":"2026-04-21T01:13:56+00:00","article_modified_time":"2026-04-21T01:18:24+00:00","og_image":[{"width":1067,"height":665,"url":"https:\/\/eltermometro.mx\/wp-content\/uploads\/2026\/04\/WhatsApp-Image-2026-04-20-at-12.24.42-PM-3.jpeg","type":"image\/jpeg"}],"author":"Staff El Term\u00f3metro de la Noticia","twitter_card":"summary_large_image","twitter_misc":{"Escrito por":"Staff El Term\u00f3metro de la Noticia","Tiempo de lectura":"3 minutos"},"schema":{"@context":"https:\/\/schema.org","@graph":[{"@type":"Article","@id":"https:\/\/eltermometro.mx\/index.php\/2026\/04\/20\/fortalece-zona-1-de-educacion-especial-las-practicas-inclusivas-mediante-capacitacion-docente\/#article","isPartOf":{"@id":"https:\/\/eltermometro.mx\/index.php\/2026\/04\/20\/fortalece-zona-1-de-educacion-especial-las-practicas-inclusivas-mediante-capacitacion-docente\/"},"author":{"name":"Staff El Term\u00f3metro de la Noticia","@id":"https:\/\/eltermometro.mx\/#\/schema\/person\/639e7bbb8ebc8278e3840b35c51713e0"},"headline":"Fortalece zona 1 de educaci\u00f3n especial las pr\u00e1cticas inclusivas mediante capacitaci\u00f3n docente","datePublished":"2026-04-21T01:13:56+00:00","dateModified":"2026-04-21T01:18:24+00:00","mainEntityOfPage":{"@id":"https:\/\/eltermometro.mx\/index.php\/2026\/04\/20\/fortalece-zona-1-de-educacion-especial-las-practicas-inclusivas-mediante-capacitacion-docente\/"},"wordCount":431,"publisher":{"@id":"https:\/\/eltermometro.mx\/#organization"},"image":{"@id":"https:\/\/eltermometro.mx\/index.php\/2026\/04\/20\/fortalece-zona-1-de-educacion-especial-las-practicas-inclusivas-mediante-capacitacion-docente\/#primaryimage"},"thumbnailUrl":"https:\/\/eltermometro.mx\/wp-content\/uploads\/2026\/04\/WhatsApp-Image-2026-04-20-at-12.24.42-PM-3.jpeg","articleSection":["MEXICALI"],"inLanguage":"es"},{"@type":"WebPage","@id":"https:\/\/eltermometro.mx\/index.php\/2026\/04\/20\/fortalece-zona-1-de-educacion-especial-las-practicas-inclusivas-mediante-capacitacion-docente\/","url":"https:\/\/eltermometro.mx\/index.php\/2026\/04\/20\/fortalece-zona-1-de-educacion-especial-las-practicas-inclusivas-mediante-capacitacion-docente\/","name":"Fortalece zona 1 de educaci\u00f3n especial las pr\u00e1cticas inclusivas mediante capacitaci\u00f3n docente - El Term\u00f3metro de la Noticia","isPartOf":{"@id":"https:\/\/eltermometro.mx\/#website"},"primaryImageOfPage":{"@id":"https:\/\/eltermometro.mx\/index.php\/2026\/04\/20\/fortalece-zona-1-de-educacion-especial-las-practicas-inclusivas-mediante-capacitacion-docente\/#primaryimage"},"image":{"@id":"https:\/\/eltermometro.mx\/index.php\/2026\/04\/20\/fortalece-zona-1-de-educacion-especial-las-practicas-inclusivas-mediante-capacitacion-docente\/#primaryimage"},"thumbnailUrl":"https:\/\/eltermometro.mx\/wp-content\/uploads\/2026\/04\/WhatsApp-Image-2026-04-20-at-12.24.42-PM-3.jpeg","datePublished":"2026-04-21T01:13:56+00:00","dateModified":"2026-04-21T01:18:24+00:00","breadcrumb":{"@id":"https:\/\/eltermometro.mx\/index.php\/2026\/04\/20\/fortalece-zona-1-de-educacion-especial-las-practicas-inclusivas-mediante-capacitacion-docente\/#breadcrumb"},"inLanguage":"es","potentialAction":[{"@type":"ReadAction","target":["https:\/\/eltermometro.mx\/index.php\/2026\/04\/20\/fortalece-zona-1-de-educacion-especial-las-practicas-inclusivas-mediante-capacitacion-docente\/"]}]},{"@type":"ImageObject","inLanguage":"es","@id":"https:\/\/eltermometro.mx\/index.php\/2026\/04\/20\/fortalece-zona-1-de-educacion-especial-las-practicas-inclusivas-mediante-capacitacion-docente\/#primaryimage","url":"https:\/\/eltermometro.mx\/wp-content\/uploads\/2026\/04\/WhatsApp-Image-2026-04-20-at-12.24.42-PM-3.jpeg","contentUrl":"https:\/\/eltermometro.mx\/wp-content\/uploads\/2026\/04\/WhatsApp-Image-2026-04-20-at-12.24.42-PM-3.jpeg","width":1067,"height":665},{"@type":"BreadcrumbList","@id":"https:\/\/eltermometro.mx\/index.php\/2026\/04\/20\/fortalece-zona-1-de-educacion-especial-las-practicas-inclusivas-mediante-capacitacion-docente\/#breadcrumb","itemListElement":[{"@type":"ListItem","position":1,"name":"Portada","item":"https:\/\/eltermometro.mx\/"},{"@type":"ListItem","position":2,"name":"Fortalece zona 1 de educaci\u00f3n especial las pr\u00e1cticas inclusivas mediante capacitaci\u00f3n docente"}]},{"@type":"WebSite","@id":"https:\/\/eltermometro.mx\/#website","url":"https:\/\/eltermometro.mx\/","name":"El Tem\u00f3metro de la Noticia","description":"","publisher":{"@id":"https:\/\/eltermometro.mx\/#organization"},"potentialAction":[{"@type":"SearchAction","target":{"@type":"EntryPoint","urlTemplate":"https:\/\/eltermometro.mx\/?s={search_term_string}"},"query-input":{"@type":"PropertyValueSpecification","valueRequired":true,"valueName":"search_term_string"}}],"inLanguage":"es"},{"@type":"Organization","@id":"https:\/\/eltermometro.mx\/#organization","name":"El Tem\u00f3metro de la Noticia","url":"https:\/\/eltermometro.mx\/","logo":{"@type":"ImageObject","inLanguage":"es","@id":"https:\/\/eltermometro.mx\/#\/schema\/logo\/image\/","url":"https:\/\/eltermometro.mx\/wp-content\/uploads\/2024\/09\/cropped-logo-ok.png","contentUrl":"https:\/\/eltermometro.mx\/wp-content\/uploads\/2024\/09\/cropped-logo-ok.png","width":800,"height":224,"caption":"El Tem\u00f3metro de la Noticia"},"image":{"@id":"https:\/\/eltermometro.mx\/#\/schema\/logo\/image\/"},"sameAs":["https:\/\/www.facebook.com\/eltermometrodelanoticia.mx\/"]},{"@type":"Person","@id":"https:\/\/eltermometro.mx\/#\/schema\/person\/639e7bbb8ebc8278e3840b35c51713e0","name":"Staff El Term\u00f3metro de la Noticia","url":"https:\/\/eltermometro.mx\/index.php\/author\/staff\/"}]}},"_links":{"self":[{"href":"https:\/\/eltermometro.mx\/index.php\/wp-json\/wp\/v2\/posts\/10068","targetHints":{"allow":["GET"]}}],"collection":[{"href":"https:\/\/eltermometro.mx\/index.php\/wp-json\/wp\/v2\/posts"}],"about":[{"href":"https:\/\/eltermometro.mx\/index.php\/wp-json\/wp\/v2\/types\/post"}],"author":[{"embeddable":true,"href":"https:\/\/eltermometro.mx\/index.php\/wp-json\/wp\/v2\/users\/2"}],"replies":[{"embeddable":true,"href":"https:\/\/eltermometro.mx\/index.php\/wp-json\/wp\/v2\/comments?post=10068"}],"version-history":[{"count":2,"href":"https:\/\/eltermometro.mx\/index.php\/wp-json\/wp\/v2\/posts\/10068\/revisions"}],"predecessor-version":[{"id":10071,"href":"https:\/\/eltermometro.mx\/index.php\/wp-json\/wp\/v2\/posts\/10068\/revisions\/10071"}],"wp:featuredmedia":[{"embeddable":true,"href":"https:\/\/eltermometro.mx\/index.php\/wp-json\/wp\/v2\/media\/10064"}],"wp:attachment":[{"href":"https:\/\/eltermometro.mx\/index.php\/wp-json\/wp\/v2\/media?parent=10068"}],"wp:term":[{"taxonomy":"category","embeddable":true,"href":"https:\/\/eltermometro.mx\/index.php\/wp-json\/wp\/v2\/categories?post=10068"},{"taxonomy":"post_tag","embeddable":true,"href":"https:\/\/eltermometro.mx\/index.php\/wp-json\/wp\/v2\/tags?post=10068"}],"curies":[{"name":"wp","href":"https:\/\/api.w.org\/{rel}","templated":true}]}}