{"id":1491,"date":"2024-12-02T19:44:05","date_gmt":"2024-12-03T03:44:05","guid":{"rendered":"https:\/\/eltermometro.mx\/?p=1491"},"modified":"2024-12-02T19:44:07","modified_gmt":"2024-12-03T03:44:07","slug":"aprueba-congreso-mas-prision-preventiva-oficiosa-al-codigo-penal-federal","status":"publish","type":"post","link":"https:\/\/eltermometro.mx\/index.php\/2024\/12\/02\/aprueba-congreso-mas-prision-preventiva-oficiosa-al-codigo-penal-federal\/","title":{"rendered":"Aprueba congreso m\u00e1s prisi\u00f3n preventiva oficiosa al C\u00f3digo Penal Federal"},"content":{"rendered":"\n<p>El Pleno del Congreso aprob\u00f3 por mayor\u00eda la Minuta con proyecto de decreto para reformar el art\u00edculo 19 de la Constituci\u00f3n Nacional, con el fin de incluir m\u00e1s delitos que ameritan prisi\u00f3n preventiva oficiosa, a fin de combatir de manera m\u00e1s eficaz las principales conductas delictivas que afectan la salud, el patrimonio de las y los mexicanos, y la hacienda p\u00fablica federal.<\/p>\n\n\n\n<p>Los nuevos delitos que se integran al cat\u00e1logo de prisi\u00f3n preventiva oficiosa son: la extorsi\u00f3n, delitos relacionados con la ilegal introducci\u00f3n y desv\u00edo, producci\u00f3n, preparaci\u00f3n, enajenaci\u00f3n, adquisici\u00f3n, importaci\u00f3n, exportaci\u00f3n, transportaci\u00f3n, almacenamiento y distribuci\u00f3n de precursores qu\u00edmicos y sustancias qu\u00edmicas esenciales, drogas sint\u00e9ticas, fentanilo y derivados.<\/p>\n\n\n\n<p>Tambi\u00e9n se incluyen delitos graves contra de la salud, el libre desarrollo de la personalidad, contrabando y cualquier actividad relacionada con falsos comprobantes fiscales.<\/p>\n\n\n\n<p>Dentro de las principales razones que justifican la reforma constitucional, se debe a que estos delitos no solo se afectan a los individuos, sino que se generan din\u00e1micas que perpet\u00faan la violencia y debilitan el Estado de Derecho. La prisi\u00f3n preventiva oficiosa es una medida eficaz para neutralizar a los perpetradores, proteger a las v\u00edctimas, y prevenir la reincidencia e intimidaci\u00f3n de testigos, especialmente en casos con alto riesgo de fuga o manipulaci\u00f3n del proceso.<\/p>\n\n\n\n<p>El contenido de la Minuta fue presentado v\u00eda Acuerdo de la Junta de Coordinaci\u00f3n Pol\u00edtica, por conducto del diputado Juan Manuel Molina Garc\u00eda, presidente del \u00f3rgano de gobierno.<\/p>\n\n\n\n<p>Con la aprobaci\u00f3n de esta Minuta, la XXV Legislatura de Baja California, reafirma su apoyo al refuerzo del marco legal para enfrentar delitos graves y garantizar mayor seguridad y justicia para los ciudadanos. La inclusi\u00f3n de nuevos delitos en el cat\u00e1logo de prisi\u00f3n preventiva oficiosa refleja el compromiso del Estado de proteger la estabilidad social y econ\u00f3mica del pa\u00eds.<\/p>\n","protected":false},"excerpt":{"rendered":"<p>El Pleno del Congreso aprob\u00f3 por mayor\u00eda la Minuta con proyecto de decreto para reformar el art\u00edculo 19 de la Constituci\u00f3n Nacional, con el fin de incluir m\u00e1s delitos que ameritan prisi\u00f3n preventiva oficiosa, a fin de combatir de manera m\u00e1s eficaz las principales conductas delictivas que afectan la salud, el patrimonio de las y [&hellip;]<\/p>\n","protected":false},"author":2,"featured_media":1463,"comment_status":"closed","ping_status":"closed","sticky":false,"template":"","format":"standard","meta":{"footnotes":""},"categories":[6],"tags":[],"class_list":["post-1491","post","type-post","status-publish","format-standard","has-post-thumbnail","hentry","category-politica"],"yoast_head":"<!-- This site is optimized with the Yoast SEO plugin v27.5 - https:\/\/yoast.com\/product\/yoast-seo-wordpress\/ -->\n<title>Aprueba congreso m\u00e1s prisi\u00f3n preventiva oficiosa al C\u00f3digo Penal Federal - El Term\u00f3metro de la Noticia<\/title>\n<meta name=\"robots\" content=\"index, follow, max-snippet:-1, max-image-preview:large, max-video-preview:-1\" \/>\n<link rel=\"canonical\" href=\"https:\/\/eltermometro.mx\/index.php\/2024\/12\/02\/aprueba-congreso-mas-prision-preventiva-oficiosa-al-codigo-penal-federal\/\" \/>\n<meta property=\"og:locale\" content=\"es_ES\" \/>\n<meta property=\"og:type\" content=\"article\" \/>\n<meta property=\"og:title\" content=\"Aprueba congreso m\u00e1s prisi\u00f3n preventiva oficiosa al C\u00f3digo Penal Federal - El Term\u00f3metro de la Noticia\" \/>\n<meta property=\"og:description\" content=\"El Pleno del Congreso aprob\u00f3 por mayor\u00eda la Minuta con proyecto de decreto para reformar el art\u00edculo 19 de la Constituci\u00f3n Nacional, con el fin de incluir m\u00e1s delitos que ameritan prisi\u00f3n preventiva oficiosa, a fin de combatir de manera m\u00e1s eficaz las principales conductas delictivas que afectan la salud, el patrimonio de las y [&hellip;]\" \/>\n<meta property=\"og:url\" content=\"https:\/\/eltermometro.mx\/index.php\/2024\/12\/02\/aprueba-congreso-mas-prision-preventiva-oficiosa-al-codigo-penal-federal\/\" \/>\n<meta property=\"og:site_name\" content=\"El Term\u00f3metro de la Noticia\" \/>\n<meta property=\"article:publisher\" content=\"https:\/\/www.facebook.com\/eltermometrodelanoticia.mx\/\" \/>\n<meta property=\"article:published_time\" content=\"2024-12-03T03:44:05+00:00\" \/>\n<meta property=\"article:modified_time\" content=\"2024-12-03T03:44:07+00:00\" \/>\n<meta property=\"og:image\" content=\"https:\/\/eltermometro.mx\/wp-content\/uploads\/2024\/12\/PHOTO-2024-12-01-18-04-45-2.jpg\" \/>\n\t<meta property=\"og:image:width\" content=\"1200\" \/>\n\t<meta property=\"og:image:height\" content=\"765\" \/>\n\t<meta property=\"og:image:type\" content=\"image\/jpeg\" \/>\n<meta name=\"author\" content=\"Staff El Term\u00f3metro de la Noticia\" \/>\n<meta name=\"twitter:card\" content=\"summary_large_image\" \/>\n<meta name=\"twitter:label1\" content=\"Escrito por\" \/>\n\t<meta name=\"twitter:data1\" content=\"Staff El Term\u00f3metro de la Noticia\" \/>\n\t<meta name=\"twitter:label2\" content=\"Tiempo de lectura\" \/>\n\t<meta name=\"twitter:data2\" content=\"2 minutos\" \/>\n<script type=\"application\/ld+json\" class=\"yoast-schema-graph\">{\"@context\":\"https:\\\/\\\/schema.org\",\"@graph\":[{\"@type\":\"Article\",\"@id\":\"https:\\\/\\\/eltermometro.mx\\\/index.php\\\/2024\\\/12\\\/02\\\/aprueba-congreso-mas-prision-preventiva-oficiosa-al-codigo-penal-federal\\\/#article\",\"isPartOf\":{\"@id\":\"https:\\\/\\\/eltermometro.mx\\\/index.php\\\/2024\\\/12\\\/02\\\/aprueba-congreso-mas-prision-preventiva-oficiosa-al-codigo-penal-federal\\\/\"},\"author\":{\"name\":\"Staff El Term\u00f3metro de la Noticia\",\"@id\":\"https:\\\/\\\/eltermometro.mx\\\/#\\\/schema\\\/person\\\/639e7bbb8ebc8278e3840b35c51713e0\"},\"headline\":\"Aprueba congreso m\u00e1s prisi\u00f3n preventiva oficiosa al C\u00f3digo Penal Federal\",\"datePublished\":\"2024-12-03T03:44:05+00:00\",\"dateModified\":\"2024-12-03T03:44:07+00:00\",\"mainEntityOfPage\":{\"@id\":\"https:\\\/\\\/eltermometro.mx\\\/index.php\\\/2024\\\/12\\\/02\\\/aprueba-congreso-mas-prision-preventiva-oficiosa-al-codigo-penal-federal\\\/\"},\"wordCount\":345,\"publisher\":{\"@id\":\"https:\\\/\\\/eltermometro.mx\\\/#organization\"},\"image\":{\"@id\":\"https:\\\/\\\/eltermometro.mx\\\/index.php\\\/2024\\\/12\\\/02\\\/aprueba-congreso-mas-prision-preventiva-oficiosa-al-codigo-penal-federal\\\/#primaryimage\"},\"thumbnailUrl\":\"https:\\\/\\\/eltermometro.mx\\\/wp-content\\\/uploads\\\/2024\\\/12\\\/PHOTO-2024-12-01-18-04-45-2.jpg\",\"articleSection\":[\"POL\u00cdTICA\"],\"inLanguage\":\"es\"},{\"@type\":\"WebPage\",\"@id\":\"https:\\\/\\\/eltermometro.mx\\\/index.php\\\/2024\\\/12\\\/02\\\/aprueba-congreso-mas-prision-preventiva-oficiosa-al-codigo-penal-federal\\\/\",\"url\":\"https:\\\/\\\/eltermometro.mx\\\/index.php\\\/2024\\\/12\\\/02\\\/aprueba-congreso-mas-prision-preventiva-oficiosa-al-codigo-penal-federal\\\/\",\"name\":\"Aprueba congreso m\u00e1s prisi\u00f3n preventiva oficiosa al C\u00f3digo Penal Federal - El Term\u00f3metro de la Noticia\",\"isPartOf\":{\"@id\":\"https:\\\/\\\/eltermometro.mx\\\/#website\"},\"primaryImageOfPage\":{\"@id\":\"https:\\\/\\\/eltermometro.mx\\\/index.php\\\/2024\\\/12\\\/02\\\/aprueba-congreso-mas-prision-preventiva-oficiosa-al-codigo-penal-federal\\\/#primaryimage\"},\"image\":{\"@id\":\"https:\\\/\\\/eltermometro.mx\\\/index.php\\\/2024\\\/12\\\/02\\\/aprueba-congreso-mas-prision-preventiva-oficiosa-al-codigo-penal-federal\\\/#primaryimage\"},\"thumbnailUrl\":\"https:\\\/\\\/eltermometro.mx\\\/wp-content\\\/uploads\\\/2024\\\/12\\\/PHOTO-2024-12-01-18-04-45-2.jpg\",\"datePublished\":\"2024-12-03T03:44:05+00:00\",\"dateModified\":\"2024-12-03T03:44:07+00:00\",\"breadcrumb\":{\"@id\":\"https:\\\/\\\/eltermometro.mx\\\/index.php\\\/2024\\\/12\\\/02\\\/aprueba-congreso-mas-prision-preventiva-oficiosa-al-codigo-penal-federal\\\/#breadcrumb\"},\"inLanguage\":\"es\",\"potentialAction\":[{\"@type\":\"ReadAction\",\"target\":[\"https:\\\/\\\/eltermometro.mx\\\/index.php\\\/2024\\\/12\\\/02\\\/aprueba-congreso-mas-prision-preventiva-oficiosa-al-codigo-penal-federal\\\/\"]}]},{\"@type\":\"ImageObject\",\"inLanguage\":\"es\",\"@id\":\"https:\\\/\\\/eltermometro.mx\\\/index.php\\\/2024\\\/12\\\/02\\\/aprueba-congreso-mas-prision-preventiva-oficiosa-al-codigo-penal-federal\\\/#primaryimage\",\"url\":\"https:\\\/\\\/eltermometro.mx\\\/wp-content\\\/uploads\\\/2024\\\/12\\\/PHOTO-2024-12-01-18-04-45-2.jpg\",\"contentUrl\":\"https:\\\/\\\/eltermometro.mx\\\/wp-content\\\/uploads\\\/2024\\\/12\\\/PHOTO-2024-12-01-18-04-45-2.jpg\",\"width\":1200,\"height\":765},{\"@type\":\"BreadcrumbList\",\"@id\":\"https:\\\/\\\/eltermometro.mx\\\/index.php\\\/2024\\\/12\\\/02\\\/aprueba-congreso-mas-prision-preventiva-oficiosa-al-codigo-penal-federal\\\/#breadcrumb\",\"itemListElement\":[{\"@type\":\"ListItem\",\"position\":1,\"name\":\"Portada\",\"item\":\"https:\\\/\\\/eltermometro.mx\\\/\"},{\"@type\":\"ListItem\",\"position\":2,\"name\":\"Aprueba congreso m\u00e1s prisi\u00f3n preventiva oficiosa al C\u00f3digo Penal Federal\"}]},{\"@type\":\"WebSite\",\"@id\":\"https:\\\/\\\/eltermometro.mx\\\/#website\",\"url\":\"https:\\\/\\\/eltermometro.mx\\\/\",\"name\":\"El Tem\u00f3metro de la Noticia\",\"description\":\"\",\"publisher\":{\"@id\":\"https:\\\/\\\/eltermometro.mx\\\/#organization\"},\"potentialAction\":[{\"@type\":\"SearchAction\",\"target\":{\"@type\":\"EntryPoint\",\"urlTemplate\":\"https:\\\/\\\/eltermometro.mx\\\/?s={search_term_string}\"},\"query-input\":{\"@type\":\"PropertyValueSpecification\",\"valueRequired\":true,\"valueName\":\"search_term_string\"}}],\"inLanguage\":\"es\"},{\"@type\":\"Organization\",\"@id\":\"https:\\\/\\\/eltermometro.mx\\\/#organization\",\"name\":\"El Tem\u00f3metro de la Noticia\",\"url\":\"https:\\\/\\\/eltermometro.mx\\\/\",\"logo\":{\"@type\":\"ImageObject\",\"inLanguage\":\"es\",\"@id\":\"https:\\\/\\\/eltermometro.mx\\\/#\\\/schema\\\/logo\\\/image\\\/\",\"url\":\"https:\\\/\\\/eltermometro.mx\\\/wp-content\\\/uploads\\\/2024\\\/09\\\/cropped-logo-ok.png\",\"contentUrl\":\"https:\\\/\\\/eltermometro.mx\\\/wp-content\\\/uploads\\\/2024\\\/09\\\/cropped-logo-ok.png\",\"width\":800,\"height\":224,\"caption\":\"El Tem\u00f3metro de la Noticia\"},\"image\":{\"@id\":\"https:\\\/\\\/eltermometro.mx\\\/#\\\/schema\\\/logo\\\/image\\\/\"},\"sameAs\":[\"https:\\\/\\\/www.facebook.com\\\/eltermometrodelanoticia.mx\\\/\"]},{\"@type\":\"Person\",\"@id\":\"https:\\\/\\\/eltermometro.mx\\\/#\\\/schema\\\/person\\\/639e7bbb8ebc8278e3840b35c51713e0\",\"name\":\"Staff El Term\u00f3metro de la Noticia\",\"url\":\"https:\\\/\\\/eltermometro.mx\\\/index.php\\\/author\\\/staff\\\/\"}]}<\/script>\n<!-- \/ Yoast SEO plugin. -->","yoast_head_json":{"title":"Aprueba congreso m\u00e1s prisi\u00f3n preventiva oficiosa al C\u00f3digo Penal Federal - El Term\u00f3metro de la Noticia","robots":{"index":"index","follow":"follow","max-snippet":"max-snippet:-1","max-image-preview":"max-image-preview:large","max-video-preview":"max-video-preview:-1"},"canonical":"https:\/\/eltermometro.mx\/index.php\/2024\/12\/02\/aprueba-congreso-mas-prision-preventiva-oficiosa-al-codigo-penal-federal\/","og_locale":"es_ES","og_type":"article","og_title":"Aprueba congreso m\u00e1s prisi\u00f3n preventiva oficiosa al C\u00f3digo Penal Federal - El Term\u00f3metro de la Noticia","og_description":"El Pleno del Congreso aprob\u00f3 por mayor\u00eda la Minuta con proyecto de decreto para reformar el art\u00edculo 19 de la Constituci\u00f3n Nacional, con el fin de incluir m\u00e1s delitos que ameritan prisi\u00f3n preventiva oficiosa, a fin de combatir de manera m\u00e1s eficaz las principales conductas delictivas que afectan la salud, el patrimonio de las y [&hellip;]","og_url":"https:\/\/eltermometro.mx\/index.php\/2024\/12\/02\/aprueba-congreso-mas-prision-preventiva-oficiosa-al-codigo-penal-federal\/","og_site_name":"El Term\u00f3metro de la Noticia","article_publisher":"https:\/\/www.facebook.com\/eltermometrodelanoticia.mx\/","article_published_time":"2024-12-03T03:44:05+00:00","article_modified_time":"2024-12-03T03:44:07+00:00","og_image":[{"width":1200,"height":765,"url":"https:\/\/eltermometro.mx\/wp-content\/uploads\/2024\/12\/PHOTO-2024-12-01-18-04-45-2.jpg","type":"image\/jpeg"}],"author":"Staff El Term\u00f3metro de la Noticia","twitter_card":"summary_large_image","twitter_misc":{"Escrito por":"Staff El Term\u00f3metro de la Noticia","Tiempo de lectura":"2 minutos"},"schema":{"@context":"https:\/\/schema.org","@graph":[{"@type":"Article","@id":"https:\/\/eltermometro.mx\/index.php\/2024\/12\/02\/aprueba-congreso-mas-prision-preventiva-oficiosa-al-codigo-penal-federal\/#article","isPartOf":{"@id":"https:\/\/eltermometro.mx\/index.php\/2024\/12\/02\/aprueba-congreso-mas-prision-preventiva-oficiosa-al-codigo-penal-federal\/"},"author":{"name":"Staff El Term\u00f3metro de la Noticia","@id":"https:\/\/eltermometro.mx\/#\/schema\/person\/639e7bbb8ebc8278e3840b35c51713e0"},"headline":"Aprueba congreso m\u00e1s prisi\u00f3n preventiva oficiosa al C\u00f3digo Penal Federal","datePublished":"2024-12-03T03:44:05+00:00","dateModified":"2024-12-03T03:44:07+00:00","mainEntityOfPage":{"@id":"https:\/\/eltermometro.mx\/index.php\/2024\/12\/02\/aprueba-congreso-mas-prision-preventiva-oficiosa-al-codigo-penal-federal\/"},"wordCount":345,"publisher":{"@id":"https:\/\/eltermometro.mx\/#organization"},"image":{"@id":"https:\/\/eltermometro.mx\/index.php\/2024\/12\/02\/aprueba-congreso-mas-prision-preventiva-oficiosa-al-codigo-penal-federal\/#primaryimage"},"thumbnailUrl":"https:\/\/eltermometro.mx\/wp-content\/uploads\/2024\/12\/PHOTO-2024-12-01-18-04-45-2.jpg","articleSection":["POL\u00cdTICA"],"inLanguage":"es"},{"@type":"WebPage","@id":"https:\/\/eltermometro.mx\/index.php\/2024\/12\/02\/aprueba-congreso-mas-prision-preventiva-oficiosa-al-codigo-penal-federal\/","url":"https:\/\/eltermometro.mx\/index.php\/2024\/12\/02\/aprueba-congreso-mas-prision-preventiva-oficiosa-al-codigo-penal-federal\/","name":"Aprueba congreso m\u00e1s prisi\u00f3n preventiva oficiosa al C\u00f3digo Penal Federal - El Term\u00f3metro de la Noticia","isPartOf":{"@id":"https:\/\/eltermometro.mx\/#website"},"primaryImageOfPage":{"@id":"https:\/\/eltermometro.mx\/index.php\/2024\/12\/02\/aprueba-congreso-mas-prision-preventiva-oficiosa-al-codigo-penal-federal\/#primaryimage"},"image":{"@id":"https:\/\/eltermometro.mx\/index.php\/2024\/12\/02\/aprueba-congreso-mas-prision-preventiva-oficiosa-al-codigo-penal-federal\/#primaryimage"},"thumbnailUrl":"https:\/\/eltermometro.mx\/wp-content\/uploads\/2024\/12\/PHOTO-2024-12-01-18-04-45-2.jpg","datePublished":"2024-12-03T03:44:05+00:00","dateModified":"2024-12-03T03:44:07+00:00","breadcrumb":{"@id":"https:\/\/eltermometro.mx\/index.php\/2024\/12\/02\/aprueba-congreso-mas-prision-preventiva-oficiosa-al-codigo-penal-federal\/#breadcrumb"},"inLanguage":"es","potentialAction":[{"@type":"ReadAction","target":["https:\/\/eltermometro.mx\/index.php\/2024\/12\/02\/aprueba-congreso-mas-prision-preventiva-oficiosa-al-codigo-penal-federal\/"]}]},{"@type":"ImageObject","inLanguage":"es","@id":"https:\/\/eltermometro.mx\/index.php\/2024\/12\/02\/aprueba-congreso-mas-prision-preventiva-oficiosa-al-codigo-penal-federal\/#primaryimage","url":"https:\/\/eltermometro.mx\/wp-content\/uploads\/2024\/12\/PHOTO-2024-12-01-18-04-45-2.jpg","contentUrl":"https:\/\/eltermometro.mx\/wp-content\/uploads\/2024\/12\/PHOTO-2024-12-01-18-04-45-2.jpg","width":1200,"height":765},{"@type":"BreadcrumbList","@id":"https:\/\/eltermometro.mx\/index.php\/2024\/12\/02\/aprueba-congreso-mas-prision-preventiva-oficiosa-al-codigo-penal-federal\/#breadcrumb","itemListElement":[{"@type":"ListItem","position":1,"name":"Portada","item":"https:\/\/eltermometro.mx\/"},{"@type":"ListItem","position":2,"name":"Aprueba congreso m\u00e1s prisi\u00f3n preventiva oficiosa al C\u00f3digo Penal Federal"}]},{"@type":"WebSite","@id":"https:\/\/eltermometro.mx\/#website","url":"https:\/\/eltermometro.mx\/","name":"El Tem\u00f3metro de la Noticia","description":"","publisher":{"@id":"https:\/\/eltermometro.mx\/#organization"},"potentialAction":[{"@type":"SearchAction","target":{"@type":"EntryPoint","urlTemplate":"https:\/\/eltermometro.mx\/?s={search_term_string}"},"query-input":{"@type":"PropertyValueSpecification","valueRequired":true,"valueName":"search_term_string"}}],"inLanguage":"es"},{"@type":"Organization","@id":"https:\/\/eltermometro.mx\/#organization","name":"El Tem\u00f3metro de la Noticia","url":"https:\/\/eltermometro.mx\/","logo":{"@type":"ImageObject","inLanguage":"es","@id":"https:\/\/eltermometro.mx\/#\/schema\/logo\/image\/","url":"https:\/\/eltermometro.mx\/wp-content\/uploads\/2024\/09\/cropped-logo-ok.png","contentUrl":"https:\/\/eltermometro.mx\/wp-content\/uploads\/2024\/09\/cropped-logo-ok.png","width":800,"height":224,"caption":"El Tem\u00f3metro de la Noticia"},"image":{"@id":"https:\/\/eltermometro.mx\/#\/schema\/logo\/image\/"},"sameAs":["https:\/\/www.facebook.com\/eltermometrodelanoticia.mx\/"]},{"@type":"Person","@id":"https:\/\/eltermometro.mx\/#\/schema\/person\/639e7bbb8ebc8278e3840b35c51713e0","name":"Staff El Term\u00f3metro de la Noticia","url":"https:\/\/eltermometro.mx\/index.php\/author\/staff\/"}]}},"_links":{"self":[{"href":"https:\/\/eltermometro.mx\/index.php\/wp-json\/wp\/v2\/posts\/1491","targetHints":{"allow":["GET"]}}],"collection":[{"href":"https:\/\/eltermometro.mx\/index.php\/wp-json\/wp\/v2\/posts"}],"about":[{"href":"https:\/\/eltermometro.mx\/index.php\/wp-json\/wp\/v2\/types\/post"}],"author":[{"embeddable":true,"href":"https:\/\/eltermometro.mx\/index.php\/wp-json\/wp\/v2\/users\/2"}],"replies":[{"embeddable":true,"href":"https:\/\/eltermometro.mx\/index.php\/wp-json\/wp\/v2\/comments?post=1491"}],"version-history":[{"count":1,"href":"https:\/\/eltermometro.mx\/index.php\/wp-json\/wp\/v2\/posts\/1491\/revisions"}],"predecessor-version":[{"id":1492,"href":"https:\/\/eltermometro.mx\/index.php\/wp-json\/wp\/v2\/posts\/1491\/revisions\/1492"}],"wp:featuredmedia":[{"embeddable":true,"href":"https:\/\/eltermometro.mx\/index.php\/wp-json\/wp\/v2\/media\/1463"}],"wp:attachment":[{"href":"https:\/\/eltermometro.mx\/index.php\/wp-json\/wp\/v2\/media?parent=1491"}],"wp:term":[{"taxonomy":"category","embeddable":true,"href":"https:\/\/eltermometro.mx\/index.php\/wp-json\/wp\/v2\/categories?post=1491"},{"taxonomy":"post_tag","embeddable":true,"href":"https:\/\/eltermometro.mx\/index.php\/wp-json\/wp\/v2\/tags?post=1491"}],"curies":[{"name":"wp","href":"https:\/\/api.w.org\/{rel}","templated":true}]}}