{"id":3215,"date":"2025-04-01T20:36:34","date_gmt":"2025-04-02T03:36:34","guid":{"rendered":"https:\/\/eltermometro.mx\/?p=3215"},"modified":"2025-04-01T20:36:36","modified_gmt":"2025-04-02T03:36:36","slug":"impulsan-interes-de-los-jovenes-en-la-ciencia-y-tecnologia","status":"publish","type":"post","link":"https:\/\/eltermometro.mx\/index.php\/2025\/04\/01\/impulsan-interes-de-los-jovenes-en-la-ciencia-y-tecnologia\/","title":{"rendered":"Impulsan inter\u00e9s de los j\u00f3venes en la ciencia y tecnolog\u00eda\u00a0"},"content":{"rendered":"\n<p>Con la presentaci\u00f3n de 40 proyectos creados por m\u00e1s de 140 j\u00f3venes cient\u00edficos de educaci\u00f3n b\u00e1sica, media superior y superior de Baja California, la gobernadora Marina del Pilar Avila Olmeda encabez\u00f3 los trabajos de la Primera Exposici\u00f3n de Ciencia y Tecnolog\u00eda 2025, en las instalaciones del Museo Sol del Ni\u00f1o.<\/p>\n\n\n\n<p>La mandataria extern\u00f3 el compromiso de su gobierno para continuar impulsando junto con los centros de educaci\u00f3n t\u00e9cnica y superior, el sector educativo y la iniciativa privada, las actividades econ\u00f3micas que hoy son vocacionales y est\u00e1n moviendo al mundo.<\/p>\n\n\n\n<p>\u201cNos da mucho gusto ver tantas ideas creativas e innovadoras, todo el talento que tenemos en las secundarias, preparatorias, universidades y tecnol\u00f3gicos, que nos est\u00e1n mostrando sus grandes ideas y la creatividad que hay en nuestro estado, y c\u00f3mo Baja California puede seguir moviendo al mundo\u201d, resalt\u00f3.<\/p>\n\n\n\n<p>Extendi\u00f3 su invitaci\u00f3n a las y los j\u00f3venes para que se sigan sumando a proyectos de ciencia y tecnolog\u00eda, por lo que el gobierno de la entidad continuar\u00e1 generando oportunidades para que las juventudes hagan sus sue\u00f1os realidad, y sus ideas transformen a Baja California, a M\u00e9xico y al mundo.<\/p>\n\n\n\n<p>Durante el evento, alumnas y alumnos desde Secundaria hasta Universidad, presentaron novedosos proyectos de clorotipos, propuestas para eliminar la rickettsia y para combatir la contaminaci\u00f3n del aire, un propulsor de naves espaciales, herramientas que mejoran la seguridad en la industria, elaboraci\u00f3n de alimentos saludables, entre otros.<\/p>\n\n\n\n<p>Ante las estrategias nacionales de Vida Saludable y la lucha contra el fentanilo, las y los estudiantes tambi\u00e9n presentaron bebidas hidratantes, alimentos naturales, adem\u00e1s de dispositivos para prevenir accidentes viales.<\/p>\n\n\n\n<p>Los juegos de Ciencias para motivar a las nuevas generaciones tambi\u00e9n formaron parte de esta exposici\u00f3n, que incluye otros temas como la energ\u00eda e\u00f3lica, las plantas fotovoltaicas, simulacro de terremotos y paneles solares.<\/p>\n\n\n\n<p>Parte de la experiencia de ciencia y tecnolog\u00eda incluy\u00f3 el recorrido de cuatro Centros de Innovaci\u00f3n que buscan potencializar la infraestructura, capacidades y talentos de las y los bajacalifornianos.<\/p>\n\n\n\n<p>El titular de la Secretar\u00eda de Educaci\u00f3n en Baja California, Luis Gilberto Gallego Cortez, refiri\u00f3 que esta exposici\u00f3n sirve como espacio para que las y los estudiantes muestren sus proyectos en ramas como electromovilidad, rob\u00f3tica, semiconductores y otros proyectos de ciencia y tecnolog\u00eda aplicados a necesidades m\u00e9dicas, de seguridad y comerciales.<\/p>\n\n\n\n<p>El objetivo, indic\u00f3, es que las y los estudiantes tengan acercamiento con dichas disciplinas, motiv\u00e1ndoles a seguir mejorando y aprendiendo, adem\u00e1s de visualizar lo que pueden realizar dentro del sistema educativo para potencializar su vocaci\u00f3n por las ingenier\u00edas.<\/p>\n\n\n\n<p>Por su parte, el subsecretario de Educaci\u00f3n Media Superior y Superior, Alejandro Rosales Sotelo, resalt\u00f3 que parte de la experiencia de ciencia y tecnolog\u00eda incluy\u00f3 el recorrido por cuatro Centros de Innovaci\u00f3n que buscan potencializar la infraestructura, capacidades y talentos de las y los bajacalifornianos.<\/p>\n\n\n\n<p>Explic\u00f3 que en estos centros, el sector empresarial puede acercarse a la instituci\u00f3n educativa a plantear una necesidad, para que a trav\u00e9s de docentes o j\u00f3venes especialistas en temas de ciencia y tecnolog\u00eda, se encuentren propuestas de soluci\u00f3n reales a problem\u00e1ticas del sector empresarial.<\/p>\n","protected":false},"excerpt":{"rendered":"<p>Con la presentaci\u00f3n de 40 proyectos creados por m\u00e1s de 140 j\u00f3venes cient\u00edficos de educaci\u00f3n b\u00e1sica, media superior y superior de Baja California, la gobernadora Marina del Pilar Avila Olmeda encabez\u00f3 los trabajos de la Primera Exposici\u00f3n de Ciencia y Tecnolog\u00eda 2025, en las instalaciones del Museo Sol del Ni\u00f1o. La mandataria extern\u00f3 el compromiso [&hellip;]<\/p>\n","protected":false},"author":2,"featured_media":3216,"comment_status":"closed","ping_status":"closed","sticky":false,"template":"","format":"standard","meta":{"footnotes":""},"categories":[5],"tags":[],"class_list":["post-3215","post","type-post","status-publish","format-standard","has-post-thumbnail","hentry","category-estado"],"yoast_head":"<!-- This site is optimized with the Yoast SEO plugin v27.5 - https:\/\/yoast.com\/product\/yoast-seo-wordpress\/ -->\n<title>Impulsan inter\u00e9s de los j\u00f3venes en la ciencia y tecnolog\u00eda\u00a0 - El Term\u00f3metro de la Noticia<\/title>\n<meta name=\"robots\" content=\"index, follow, max-snippet:-1, max-image-preview:large, max-video-preview:-1\" \/>\n<link rel=\"canonical\" href=\"https:\/\/eltermometro.mx\/index.php\/2025\/04\/01\/impulsan-interes-de-los-jovenes-en-la-ciencia-y-tecnologia\/\" \/>\n<meta property=\"og:locale\" content=\"es_ES\" \/>\n<meta property=\"og:type\" content=\"article\" \/>\n<meta property=\"og:title\" content=\"Impulsan inter\u00e9s de los j\u00f3venes en la ciencia y tecnolog\u00eda\u00a0 - El Term\u00f3metro de la Noticia\" \/>\n<meta property=\"og:description\" content=\"Con la presentaci\u00f3n de 40 proyectos creados por m\u00e1s de 140 j\u00f3venes cient\u00edficos de educaci\u00f3n b\u00e1sica, media superior y superior de Baja California, la gobernadora Marina del Pilar Avila Olmeda encabez\u00f3 los trabajos de la Primera Exposici\u00f3n de Ciencia y Tecnolog\u00eda 2025, en las instalaciones del Museo Sol del Ni\u00f1o. La mandataria extern\u00f3 el compromiso [&hellip;]\" \/>\n<meta property=\"og:url\" content=\"https:\/\/eltermometro.mx\/index.php\/2025\/04\/01\/impulsan-interes-de-los-jovenes-en-la-ciencia-y-tecnologia\/\" \/>\n<meta property=\"og:site_name\" content=\"El Term\u00f3metro de la Noticia\" \/>\n<meta property=\"article:publisher\" content=\"https:\/\/www.facebook.com\/eltermometrodelanoticia.mx\/\" \/>\n<meta property=\"article:published_time\" content=\"2025-04-02T03:36:34+00:00\" \/>\n<meta property=\"article:modified_time\" content=\"2025-04-02T03:36:36+00:00\" \/>\n<meta property=\"og:image\" content=\"https:\/\/eltermometro.mx\/wp-content\/uploads\/2025\/04\/PHOTO-2025-04-01-20-35-50-scaled.jpg\" \/>\n\t<meta property=\"og:image:width\" content=\"2560\" \/>\n\t<meta property=\"og:image:height\" content=\"1915\" \/>\n\t<meta property=\"og:image:type\" content=\"image\/jpeg\" \/>\n<meta name=\"author\" content=\"Staff El Term\u00f3metro de la Noticia\" \/>\n<meta name=\"twitter:card\" content=\"summary_large_image\" \/>\n<meta name=\"twitter:label1\" content=\"Escrito por\" \/>\n\t<meta name=\"twitter:data1\" content=\"Staff El Term\u00f3metro de la Noticia\" \/>\n\t<meta name=\"twitter:label2\" content=\"Tiempo de lectura\" \/>\n\t<meta name=\"twitter:data2\" content=\"3 minutos\" \/>\n<script type=\"application\/ld+json\" class=\"yoast-schema-graph\">{\"@context\":\"https:\\\/\\\/schema.org\",\"@graph\":[{\"@type\":\"Article\",\"@id\":\"https:\\\/\\\/eltermometro.mx\\\/index.php\\\/2025\\\/04\\\/01\\\/impulsan-interes-de-los-jovenes-en-la-ciencia-y-tecnologia\\\/#article\",\"isPartOf\":{\"@id\":\"https:\\\/\\\/eltermometro.mx\\\/index.php\\\/2025\\\/04\\\/01\\\/impulsan-interes-de-los-jovenes-en-la-ciencia-y-tecnologia\\\/\"},\"author\":{\"name\":\"Staff El Term\u00f3metro de la Noticia\",\"@id\":\"https:\\\/\\\/eltermometro.mx\\\/#\\\/schema\\\/person\\\/639e7bbb8ebc8278e3840b35c51713e0\"},\"headline\":\"Impulsan inter\u00e9s de los j\u00f3venes en la ciencia y tecnolog\u00eda\u00a0\",\"datePublished\":\"2025-04-02T03:36:34+00:00\",\"dateModified\":\"2025-04-02T03:36:36+00:00\",\"mainEntityOfPage\":{\"@id\":\"https:\\\/\\\/eltermometro.mx\\\/index.php\\\/2025\\\/04\\\/01\\\/impulsan-interes-de-los-jovenes-en-la-ciencia-y-tecnologia\\\/\"},\"wordCount\":562,\"publisher\":{\"@id\":\"https:\\\/\\\/eltermometro.mx\\\/#organization\"},\"image\":{\"@id\":\"https:\\\/\\\/eltermometro.mx\\\/index.php\\\/2025\\\/04\\\/01\\\/impulsan-interes-de-los-jovenes-en-la-ciencia-y-tecnologia\\\/#primaryimage\"},\"thumbnailUrl\":\"https:\\\/\\\/eltermometro.mx\\\/wp-content\\\/uploads\\\/2025\\\/04\\\/PHOTO-2025-04-01-20-35-50-scaled.jpg\",\"articleSection\":[\"ESTADO\"],\"inLanguage\":\"es\"},{\"@type\":\"WebPage\",\"@id\":\"https:\\\/\\\/eltermometro.mx\\\/index.php\\\/2025\\\/04\\\/01\\\/impulsan-interes-de-los-jovenes-en-la-ciencia-y-tecnologia\\\/\",\"url\":\"https:\\\/\\\/eltermometro.mx\\\/index.php\\\/2025\\\/04\\\/01\\\/impulsan-interes-de-los-jovenes-en-la-ciencia-y-tecnologia\\\/\",\"name\":\"Impulsan inter\u00e9s de los j\u00f3venes en la ciencia y tecnolog\u00eda\u00a0 - El Term\u00f3metro de la Noticia\",\"isPartOf\":{\"@id\":\"https:\\\/\\\/eltermometro.mx\\\/#website\"},\"primaryImageOfPage\":{\"@id\":\"https:\\\/\\\/eltermometro.mx\\\/index.php\\\/2025\\\/04\\\/01\\\/impulsan-interes-de-los-jovenes-en-la-ciencia-y-tecnologia\\\/#primaryimage\"},\"image\":{\"@id\":\"https:\\\/\\\/eltermometro.mx\\\/index.php\\\/2025\\\/04\\\/01\\\/impulsan-interes-de-los-jovenes-en-la-ciencia-y-tecnologia\\\/#primaryimage\"},\"thumbnailUrl\":\"https:\\\/\\\/eltermometro.mx\\\/wp-content\\\/uploads\\\/2025\\\/04\\\/PHOTO-2025-04-01-20-35-50-scaled.jpg\",\"datePublished\":\"2025-04-02T03:36:34+00:00\",\"dateModified\":\"2025-04-02T03:36:36+00:00\",\"breadcrumb\":{\"@id\":\"https:\\\/\\\/eltermometro.mx\\\/index.php\\\/2025\\\/04\\\/01\\\/impulsan-interes-de-los-jovenes-en-la-ciencia-y-tecnologia\\\/#breadcrumb\"},\"inLanguage\":\"es\",\"potentialAction\":[{\"@type\":\"ReadAction\",\"target\":[\"https:\\\/\\\/eltermometro.mx\\\/index.php\\\/2025\\\/04\\\/01\\\/impulsan-interes-de-los-jovenes-en-la-ciencia-y-tecnologia\\\/\"]}]},{\"@type\":\"ImageObject\",\"inLanguage\":\"es\",\"@id\":\"https:\\\/\\\/eltermometro.mx\\\/index.php\\\/2025\\\/04\\\/01\\\/impulsan-interes-de-los-jovenes-en-la-ciencia-y-tecnologia\\\/#primaryimage\",\"url\":\"https:\\\/\\\/eltermometro.mx\\\/wp-content\\\/uploads\\\/2025\\\/04\\\/PHOTO-2025-04-01-20-35-50-scaled.jpg\",\"contentUrl\":\"https:\\\/\\\/eltermometro.mx\\\/wp-content\\\/uploads\\\/2025\\\/04\\\/PHOTO-2025-04-01-20-35-50-scaled.jpg\",\"width\":2560,\"height\":1915},{\"@type\":\"BreadcrumbList\",\"@id\":\"https:\\\/\\\/eltermometro.mx\\\/index.php\\\/2025\\\/04\\\/01\\\/impulsan-interes-de-los-jovenes-en-la-ciencia-y-tecnologia\\\/#breadcrumb\",\"itemListElement\":[{\"@type\":\"ListItem\",\"position\":1,\"name\":\"Portada\",\"item\":\"https:\\\/\\\/eltermometro.mx\\\/\"},{\"@type\":\"ListItem\",\"position\":2,\"name\":\"Impulsan inter\u00e9s de los j\u00f3venes en la ciencia y tecnolog\u00eda\u00a0\"}]},{\"@type\":\"WebSite\",\"@id\":\"https:\\\/\\\/eltermometro.mx\\\/#website\",\"url\":\"https:\\\/\\\/eltermometro.mx\\\/\",\"name\":\"El Tem\u00f3metro de la Noticia\",\"description\":\"\",\"publisher\":{\"@id\":\"https:\\\/\\\/eltermometro.mx\\\/#organization\"},\"potentialAction\":[{\"@type\":\"SearchAction\",\"target\":{\"@type\":\"EntryPoint\",\"urlTemplate\":\"https:\\\/\\\/eltermometro.mx\\\/?s={search_term_string}\"},\"query-input\":{\"@type\":\"PropertyValueSpecification\",\"valueRequired\":true,\"valueName\":\"search_term_string\"}}],\"inLanguage\":\"es\"},{\"@type\":\"Organization\",\"@id\":\"https:\\\/\\\/eltermometro.mx\\\/#organization\",\"name\":\"El Tem\u00f3metro de la Noticia\",\"url\":\"https:\\\/\\\/eltermometro.mx\\\/\",\"logo\":{\"@type\":\"ImageObject\",\"inLanguage\":\"es\",\"@id\":\"https:\\\/\\\/eltermometro.mx\\\/#\\\/schema\\\/logo\\\/image\\\/\",\"url\":\"https:\\\/\\\/eltermometro.mx\\\/wp-content\\\/uploads\\\/2024\\\/09\\\/cropped-logo-ok.png\",\"contentUrl\":\"https:\\\/\\\/eltermometro.mx\\\/wp-content\\\/uploads\\\/2024\\\/09\\\/cropped-logo-ok.png\",\"width\":800,\"height\":224,\"caption\":\"El Tem\u00f3metro de la Noticia\"},\"image\":{\"@id\":\"https:\\\/\\\/eltermometro.mx\\\/#\\\/schema\\\/logo\\\/image\\\/\"},\"sameAs\":[\"https:\\\/\\\/www.facebook.com\\\/eltermometrodelanoticia.mx\\\/\"]},{\"@type\":\"Person\",\"@id\":\"https:\\\/\\\/eltermometro.mx\\\/#\\\/schema\\\/person\\\/639e7bbb8ebc8278e3840b35c51713e0\",\"name\":\"Staff El Term\u00f3metro de la Noticia\",\"url\":\"https:\\\/\\\/eltermometro.mx\\\/index.php\\\/author\\\/staff\\\/\"}]}<\/script>\n<!-- \/ Yoast SEO plugin. -->","yoast_head_json":{"title":"Impulsan inter\u00e9s de los j\u00f3venes en la ciencia y tecnolog\u00eda\u00a0 - El Term\u00f3metro de la Noticia","robots":{"index":"index","follow":"follow","max-snippet":"max-snippet:-1","max-image-preview":"max-image-preview:large","max-video-preview":"max-video-preview:-1"},"canonical":"https:\/\/eltermometro.mx\/index.php\/2025\/04\/01\/impulsan-interes-de-los-jovenes-en-la-ciencia-y-tecnologia\/","og_locale":"es_ES","og_type":"article","og_title":"Impulsan inter\u00e9s de los j\u00f3venes en la ciencia y tecnolog\u00eda\u00a0 - El Term\u00f3metro de la Noticia","og_description":"Con la presentaci\u00f3n de 40 proyectos creados por m\u00e1s de 140 j\u00f3venes cient\u00edficos de educaci\u00f3n b\u00e1sica, media superior y superior de Baja California, la gobernadora Marina del Pilar Avila Olmeda encabez\u00f3 los trabajos de la Primera Exposici\u00f3n de Ciencia y Tecnolog\u00eda 2025, en las instalaciones del Museo Sol del Ni\u00f1o. La mandataria extern\u00f3 el compromiso [&hellip;]","og_url":"https:\/\/eltermometro.mx\/index.php\/2025\/04\/01\/impulsan-interes-de-los-jovenes-en-la-ciencia-y-tecnologia\/","og_site_name":"El Term\u00f3metro de la Noticia","article_publisher":"https:\/\/www.facebook.com\/eltermometrodelanoticia.mx\/","article_published_time":"2025-04-02T03:36:34+00:00","article_modified_time":"2025-04-02T03:36:36+00:00","og_image":[{"width":2560,"height":1915,"url":"https:\/\/eltermometro.mx\/wp-content\/uploads\/2025\/04\/PHOTO-2025-04-01-20-35-50-scaled.jpg","type":"image\/jpeg"}],"author":"Staff El Term\u00f3metro de la Noticia","twitter_card":"summary_large_image","twitter_misc":{"Escrito por":"Staff El Term\u00f3metro de la Noticia","Tiempo de lectura":"3 minutos"},"schema":{"@context":"https:\/\/schema.org","@graph":[{"@type":"Article","@id":"https:\/\/eltermometro.mx\/index.php\/2025\/04\/01\/impulsan-interes-de-los-jovenes-en-la-ciencia-y-tecnologia\/#article","isPartOf":{"@id":"https:\/\/eltermometro.mx\/index.php\/2025\/04\/01\/impulsan-interes-de-los-jovenes-en-la-ciencia-y-tecnologia\/"},"author":{"name":"Staff El Term\u00f3metro de la Noticia","@id":"https:\/\/eltermometro.mx\/#\/schema\/person\/639e7bbb8ebc8278e3840b35c51713e0"},"headline":"Impulsan inter\u00e9s de los j\u00f3venes en la ciencia y tecnolog\u00eda\u00a0","datePublished":"2025-04-02T03:36:34+00:00","dateModified":"2025-04-02T03:36:36+00:00","mainEntityOfPage":{"@id":"https:\/\/eltermometro.mx\/index.php\/2025\/04\/01\/impulsan-interes-de-los-jovenes-en-la-ciencia-y-tecnologia\/"},"wordCount":562,"publisher":{"@id":"https:\/\/eltermometro.mx\/#organization"},"image":{"@id":"https:\/\/eltermometro.mx\/index.php\/2025\/04\/01\/impulsan-interes-de-los-jovenes-en-la-ciencia-y-tecnologia\/#primaryimage"},"thumbnailUrl":"https:\/\/eltermometro.mx\/wp-content\/uploads\/2025\/04\/PHOTO-2025-04-01-20-35-50-scaled.jpg","articleSection":["ESTADO"],"inLanguage":"es"},{"@type":"WebPage","@id":"https:\/\/eltermometro.mx\/index.php\/2025\/04\/01\/impulsan-interes-de-los-jovenes-en-la-ciencia-y-tecnologia\/","url":"https:\/\/eltermometro.mx\/index.php\/2025\/04\/01\/impulsan-interes-de-los-jovenes-en-la-ciencia-y-tecnologia\/","name":"Impulsan inter\u00e9s de los j\u00f3venes en la ciencia y tecnolog\u00eda\u00a0 - El Term\u00f3metro de la Noticia","isPartOf":{"@id":"https:\/\/eltermometro.mx\/#website"},"primaryImageOfPage":{"@id":"https:\/\/eltermometro.mx\/index.php\/2025\/04\/01\/impulsan-interes-de-los-jovenes-en-la-ciencia-y-tecnologia\/#primaryimage"},"image":{"@id":"https:\/\/eltermometro.mx\/index.php\/2025\/04\/01\/impulsan-interes-de-los-jovenes-en-la-ciencia-y-tecnologia\/#primaryimage"},"thumbnailUrl":"https:\/\/eltermometro.mx\/wp-content\/uploads\/2025\/04\/PHOTO-2025-04-01-20-35-50-scaled.jpg","datePublished":"2025-04-02T03:36:34+00:00","dateModified":"2025-04-02T03:36:36+00:00","breadcrumb":{"@id":"https:\/\/eltermometro.mx\/index.php\/2025\/04\/01\/impulsan-interes-de-los-jovenes-en-la-ciencia-y-tecnologia\/#breadcrumb"},"inLanguage":"es","potentialAction":[{"@type":"ReadAction","target":["https:\/\/eltermometro.mx\/index.php\/2025\/04\/01\/impulsan-interes-de-los-jovenes-en-la-ciencia-y-tecnologia\/"]}]},{"@type":"ImageObject","inLanguage":"es","@id":"https:\/\/eltermometro.mx\/index.php\/2025\/04\/01\/impulsan-interes-de-los-jovenes-en-la-ciencia-y-tecnologia\/#primaryimage","url":"https:\/\/eltermometro.mx\/wp-content\/uploads\/2025\/04\/PHOTO-2025-04-01-20-35-50-scaled.jpg","contentUrl":"https:\/\/eltermometro.mx\/wp-content\/uploads\/2025\/04\/PHOTO-2025-04-01-20-35-50-scaled.jpg","width":2560,"height":1915},{"@type":"BreadcrumbList","@id":"https:\/\/eltermometro.mx\/index.php\/2025\/04\/01\/impulsan-interes-de-los-jovenes-en-la-ciencia-y-tecnologia\/#breadcrumb","itemListElement":[{"@type":"ListItem","position":1,"name":"Portada","item":"https:\/\/eltermometro.mx\/"},{"@type":"ListItem","position":2,"name":"Impulsan inter\u00e9s de los j\u00f3venes en la ciencia y tecnolog\u00eda\u00a0"}]},{"@type":"WebSite","@id":"https:\/\/eltermometro.mx\/#website","url":"https:\/\/eltermometro.mx\/","name":"El Tem\u00f3metro de la Noticia","description":"","publisher":{"@id":"https:\/\/eltermometro.mx\/#organization"},"potentialAction":[{"@type":"SearchAction","target":{"@type":"EntryPoint","urlTemplate":"https:\/\/eltermometro.mx\/?s={search_term_string}"},"query-input":{"@type":"PropertyValueSpecification","valueRequired":true,"valueName":"search_term_string"}}],"inLanguage":"es"},{"@type":"Organization","@id":"https:\/\/eltermometro.mx\/#organization","name":"El Tem\u00f3metro de la Noticia","url":"https:\/\/eltermometro.mx\/","logo":{"@type":"ImageObject","inLanguage":"es","@id":"https:\/\/eltermometro.mx\/#\/schema\/logo\/image\/","url":"https:\/\/eltermometro.mx\/wp-content\/uploads\/2024\/09\/cropped-logo-ok.png","contentUrl":"https:\/\/eltermometro.mx\/wp-content\/uploads\/2024\/09\/cropped-logo-ok.png","width":800,"height":224,"caption":"El Tem\u00f3metro de la Noticia"},"image":{"@id":"https:\/\/eltermometro.mx\/#\/schema\/logo\/image\/"},"sameAs":["https:\/\/www.facebook.com\/eltermometrodelanoticia.mx\/"]},{"@type":"Person","@id":"https:\/\/eltermometro.mx\/#\/schema\/person\/639e7bbb8ebc8278e3840b35c51713e0","name":"Staff El Term\u00f3metro de la Noticia","url":"https:\/\/eltermometro.mx\/index.php\/author\/staff\/"}]}},"_links":{"self":[{"href":"https:\/\/eltermometro.mx\/index.php\/wp-json\/wp\/v2\/posts\/3215","targetHints":{"allow":["GET"]}}],"collection":[{"href":"https:\/\/eltermometro.mx\/index.php\/wp-json\/wp\/v2\/posts"}],"about":[{"href":"https:\/\/eltermometro.mx\/index.php\/wp-json\/wp\/v2\/types\/post"}],"author":[{"embeddable":true,"href":"https:\/\/eltermometro.mx\/index.php\/wp-json\/wp\/v2\/users\/2"}],"replies":[{"embeddable":true,"href":"https:\/\/eltermometro.mx\/index.php\/wp-json\/wp\/v2\/comments?post=3215"}],"version-history":[{"count":1,"href":"https:\/\/eltermometro.mx\/index.php\/wp-json\/wp\/v2\/posts\/3215\/revisions"}],"predecessor-version":[{"id":3217,"href":"https:\/\/eltermometro.mx\/index.php\/wp-json\/wp\/v2\/posts\/3215\/revisions\/3217"}],"wp:featuredmedia":[{"embeddable":true,"href":"https:\/\/eltermometro.mx\/index.php\/wp-json\/wp\/v2\/media\/3216"}],"wp:attachment":[{"href":"https:\/\/eltermometro.mx\/index.php\/wp-json\/wp\/v2\/media?parent=3215"}],"wp:term":[{"taxonomy":"category","embeddable":true,"href":"https:\/\/eltermometro.mx\/index.php\/wp-json\/wp\/v2\/categories?post=3215"},{"taxonomy":"post_tag","embeddable":true,"href":"https:\/\/eltermometro.mx\/index.php\/wp-json\/wp\/v2\/tags?post=3215"}],"curies":[{"name":"wp","href":"https:\/\/api.w.org\/{rel}","templated":true}]}}