{"id":4041,"date":"2025-05-26T11:43:54","date_gmt":"2025-05-26T18:43:54","guid":{"rendered":"https:\/\/eltermometro.mx\/?p=4041"},"modified":"2025-05-26T11:43:57","modified_gmt":"2025-05-26T18:43:57","slug":"detienen-a-trio-en-posesion-de-arma-larga-y-cargadores","status":"publish","type":"post","link":"https:\/\/eltermometro.mx\/index.php\/2025\/05\/26\/detienen-a-trio-en-posesion-de-arma-larga-y-cargadores\/","title":{"rendered":"Detienen a trio en posesi\u00f3n de arma larga y cargadores"},"content":{"rendered":"\n<p class=\"has-medium-font-size\"><strong>Tras un despliegue operativo enfocado en la zona del Valle de Mexicali<\/strong><\/p>\n\n\n\n<p>Los trabajos coordinados entre las distintas instituciones responsables de la prevenci\u00f3n, el combate a las causas de los delitos y las violencias, as\u00ed como la procuraci\u00f3n de justicia, dieron como resultado la detenci\u00f3n de dos hombres y una mujer que fueron sorprendidos transportando un arma de fuego larga, cargadores abastecidos y equipo t\u00e1ctico, tras un despliegue operativo enfocado en la zona del Valle de Mexicali.<\/p>\n\n\n\n<p>Los detenidos responden a los nombres de Miguel \u00c1ngel \u201cN\u201d, Mario Alejandro \u201cN\u201d y Ayl\u00edn Ver\u00f3nica \u201cN\u201d, los tres originarios de la ciudad de Mexicali, y quienes fueron intervenidos por agentes de la Fuerza Estatal de Seguridad Ciudadana (FESC), Secretar\u00eda de la Defensa Nacional (DEFENSA), Guardia Nacional (GN), Agencia Estatal de Investigaci\u00f3n (AEI) y Direcci\u00f3n de Seguridad P\u00fablica Municipal (DSPM).<\/p>\n\n\n\n<p>La intervenci\u00f3n se deriv\u00f3 del exceso de velocidad con el que era conducido el veh\u00edculo MG5 modelo 2024 tripulado por los antes mencionados, sobre la carretera El Faro, en donde los agentes les marcaron el alto haciendo caso omiso e iniciando una breve persecuci\u00f3n; el conductor argument\u00f3 que llevaba prisa y el grupo de unidades policiales circulaba de forma lenta.<\/p>\n\n\n\n<p>Los uniformados le solicitaron a los dos hombres y a la mujer descender del veh\u00edculo para poder llevar a cabo una inspecci\u00f3n preventiva, siendo as\u00ed como se localiz\u00f3 en primera instancia un arma larga calibre 7.62&#215;51 con un cargador abastecido; posteriormente se localizaron: 09 cargadores abastecidos; 73 cartuchos \u00fatiles con la leyenda en su base 7.62&#215;51; 01 chaleco bal\u00edstico en color caf\u00e9 de tela; 01 porta cargador en color caf\u00e9 de tela.<\/p>\n\n\n\n<p>Por esta raz\u00f3n las tres personas fueron notificadas del motivo de su detenci\u00f3n, por lo que fueron trasladados a la base de la FESC en la ciudad de Mexicali para la elaboraci\u00f3n del Informe Policial Homologado (IPHE) y posteriormente fueron puestos a disposici\u00f3n de la autoridad correspondiente en fijar su situaci\u00f3n jur\u00eddica.<\/p>\n","protected":false},"excerpt":{"rendered":"<p>Tras un despliegue operativo enfocado en la zona del Valle de Mexicali Los trabajos coordinados entre las distintas instituciones responsables de la prevenci\u00f3n, el combate a las causas de los delitos y las violencias, as\u00ed como la procuraci\u00f3n de justicia, dieron como resultado la detenci\u00f3n de dos hombres y una mujer que fueron sorprendidos transportando [&hellip;]<\/p>\n","protected":false},"author":2,"featured_media":4043,"comment_status":"closed","ping_status":"closed","sticky":false,"template":"","format":"standard","meta":{"footnotes":""},"categories":[4],"tags":[],"class_list":["post-4041","post","type-post","status-publish","format-standard","has-post-thumbnail","hentry","category-policiaca"],"yoast_head":"<!-- This site is optimized with the Yoast SEO plugin v27.4 - https:\/\/yoast.com\/product\/yoast-seo-wordpress\/ -->\n<title>Detienen a trio en posesi\u00f3n de arma larga y cargadores - El Term\u00f3metro de la Noticia<\/title>\n<meta name=\"robots\" content=\"index, follow, max-snippet:-1, max-image-preview:large, max-video-preview:-1\" \/>\n<link rel=\"canonical\" href=\"https:\/\/eltermometro.mx\/index.php\/2025\/05\/26\/detienen-a-trio-en-posesion-de-arma-larga-y-cargadores\/\" \/>\n<meta property=\"og:locale\" content=\"es_ES\" \/>\n<meta property=\"og:type\" content=\"article\" \/>\n<meta property=\"og:title\" content=\"Detienen a trio en posesi\u00f3n de arma larga y cargadores - El Term\u00f3metro de la Noticia\" \/>\n<meta property=\"og:description\" content=\"Tras un despliegue operativo enfocado en la zona del Valle de Mexicali Los trabajos coordinados entre las distintas instituciones responsables de la prevenci\u00f3n, el combate a las causas de los delitos y las violencias, as\u00ed como la procuraci\u00f3n de justicia, dieron como resultado la detenci\u00f3n de dos hombres y una mujer que fueron sorprendidos transportando [&hellip;]\" \/>\n<meta property=\"og:url\" content=\"https:\/\/eltermometro.mx\/index.php\/2025\/05\/26\/detienen-a-trio-en-posesion-de-arma-larga-y-cargadores\/\" \/>\n<meta property=\"og:site_name\" content=\"El Term\u00f3metro de la Noticia\" \/>\n<meta property=\"article:publisher\" content=\"https:\/\/www.facebook.com\/eltermometrodelanoticia.mx\/\" \/>\n<meta property=\"article:published_time\" content=\"2025-05-26T18:43:54+00:00\" \/>\n<meta property=\"article:modified_time\" content=\"2025-05-26T18:43:57+00:00\" \/>\n<meta property=\"og:image\" content=\"https:\/\/eltermometro.mx\/wp-content\/uploads\/2025\/05\/PHOTO-2025-05-25-20-17-52.jpg\" \/>\n\t<meta property=\"og:image:width\" content=\"1200\" \/>\n\t<meta property=\"og:image:height\" content=\"765\" \/>\n\t<meta property=\"og:image:type\" content=\"image\/jpeg\" \/>\n<meta name=\"author\" content=\"Staff El Term\u00f3metro de la Noticia\" \/>\n<meta name=\"twitter:card\" content=\"summary_large_image\" \/>\n<meta name=\"twitter:label1\" content=\"Escrito por\" \/>\n\t<meta name=\"twitter:data1\" content=\"Staff El Term\u00f3metro de la Noticia\" \/>\n\t<meta name=\"twitter:label2\" content=\"Tiempo de lectura\" \/>\n\t<meta name=\"twitter:data2\" content=\"2 minutos\" \/>\n<script type=\"application\/ld+json\" class=\"yoast-schema-graph\">{\"@context\":\"https:\\\/\\\/schema.org\",\"@graph\":[{\"@type\":\"Article\",\"@id\":\"https:\\\/\\\/eltermometro.mx\\\/index.php\\\/2025\\\/05\\\/26\\\/detienen-a-trio-en-posesion-de-arma-larga-y-cargadores\\\/#article\",\"isPartOf\":{\"@id\":\"https:\\\/\\\/eltermometro.mx\\\/index.php\\\/2025\\\/05\\\/26\\\/detienen-a-trio-en-posesion-de-arma-larga-y-cargadores\\\/\"},\"author\":{\"name\":\"Staff El Term\u00f3metro de la Noticia\",\"@id\":\"https:\\\/\\\/eltermometro.mx\\\/#\\\/schema\\\/person\\\/639e7bbb8ebc8278e3840b35c51713e0\"},\"headline\":\"Detienen a trio en posesi\u00f3n de arma larga y cargadores\",\"datePublished\":\"2025-05-26T18:43:54+00:00\",\"dateModified\":\"2025-05-26T18:43:57+00:00\",\"mainEntityOfPage\":{\"@id\":\"https:\\\/\\\/eltermometro.mx\\\/index.php\\\/2025\\\/05\\\/26\\\/detienen-a-trio-en-posesion-de-arma-larga-y-cargadores\\\/\"},\"wordCount\":349,\"publisher\":{\"@id\":\"https:\\\/\\\/eltermometro.mx\\\/#organization\"},\"image\":{\"@id\":\"https:\\\/\\\/eltermometro.mx\\\/index.php\\\/2025\\\/05\\\/26\\\/detienen-a-trio-en-posesion-de-arma-larga-y-cargadores\\\/#primaryimage\"},\"thumbnailUrl\":\"https:\\\/\\\/eltermometro.mx\\\/wp-content\\\/uploads\\\/2025\\\/05\\\/PHOTO-2025-05-25-20-17-52.jpg\",\"articleSection\":[\"POLIC\u00cdACA\"],\"inLanguage\":\"es\"},{\"@type\":\"WebPage\",\"@id\":\"https:\\\/\\\/eltermometro.mx\\\/index.php\\\/2025\\\/05\\\/26\\\/detienen-a-trio-en-posesion-de-arma-larga-y-cargadores\\\/\",\"url\":\"https:\\\/\\\/eltermometro.mx\\\/index.php\\\/2025\\\/05\\\/26\\\/detienen-a-trio-en-posesion-de-arma-larga-y-cargadores\\\/\",\"name\":\"Detienen a trio en posesi\u00f3n de arma larga y cargadores - El Term\u00f3metro de la Noticia\",\"isPartOf\":{\"@id\":\"https:\\\/\\\/eltermometro.mx\\\/#website\"},\"primaryImageOfPage\":{\"@id\":\"https:\\\/\\\/eltermometro.mx\\\/index.php\\\/2025\\\/05\\\/26\\\/detienen-a-trio-en-posesion-de-arma-larga-y-cargadores\\\/#primaryimage\"},\"image\":{\"@id\":\"https:\\\/\\\/eltermometro.mx\\\/index.php\\\/2025\\\/05\\\/26\\\/detienen-a-trio-en-posesion-de-arma-larga-y-cargadores\\\/#primaryimage\"},\"thumbnailUrl\":\"https:\\\/\\\/eltermometro.mx\\\/wp-content\\\/uploads\\\/2025\\\/05\\\/PHOTO-2025-05-25-20-17-52.jpg\",\"datePublished\":\"2025-05-26T18:43:54+00:00\",\"dateModified\":\"2025-05-26T18:43:57+00:00\",\"breadcrumb\":{\"@id\":\"https:\\\/\\\/eltermometro.mx\\\/index.php\\\/2025\\\/05\\\/26\\\/detienen-a-trio-en-posesion-de-arma-larga-y-cargadores\\\/#breadcrumb\"},\"inLanguage\":\"es\",\"potentialAction\":[{\"@type\":\"ReadAction\",\"target\":[\"https:\\\/\\\/eltermometro.mx\\\/index.php\\\/2025\\\/05\\\/26\\\/detienen-a-trio-en-posesion-de-arma-larga-y-cargadores\\\/\"]}]},{\"@type\":\"ImageObject\",\"inLanguage\":\"es\",\"@id\":\"https:\\\/\\\/eltermometro.mx\\\/index.php\\\/2025\\\/05\\\/26\\\/detienen-a-trio-en-posesion-de-arma-larga-y-cargadores\\\/#primaryimage\",\"url\":\"https:\\\/\\\/eltermometro.mx\\\/wp-content\\\/uploads\\\/2025\\\/05\\\/PHOTO-2025-05-25-20-17-52.jpg\",\"contentUrl\":\"https:\\\/\\\/eltermometro.mx\\\/wp-content\\\/uploads\\\/2025\\\/05\\\/PHOTO-2025-05-25-20-17-52.jpg\",\"width\":1200,\"height\":765},{\"@type\":\"BreadcrumbList\",\"@id\":\"https:\\\/\\\/eltermometro.mx\\\/index.php\\\/2025\\\/05\\\/26\\\/detienen-a-trio-en-posesion-de-arma-larga-y-cargadores\\\/#breadcrumb\",\"itemListElement\":[{\"@type\":\"ListItem\",\"position\":1,\"name\":\"Portada\",\"item\":\"https:\\\/\\\/eltermometro.mx\\\/\"},{\"@type\":\"ListItem\",\"position\":2,\"name\":\"Detienen a trio en posesi\u00f3n de arma larga y cargadores\"}]},{\"@type\":\"WebSite\",\"@id\":\"https:\\\/\\\/eltermometro.mx\\\/#website\",\"url\":\"https:\\\/\\\/eltermometro.mx\\\/\",\"name\":\"El Tem\u00f3metro de la Noticia\",\"description\":\"\",\"publisher\":{\"@id\":\"https:\\\/\\\/eltermometro.mx\\\/#organization\"},\"potentialAction\":[{\"@type\":\"SearchAction\",\"target\":{\"@type\":\"EntryPoint\",\"urlTemplate\":\"https:\\\/\\\/eltermometro.mx\\\/?s={search_term_string}\"},\"query-input\":{\"@type\":\"PropertyValueSpecification\",\"valueRequired\":true,\"valueName\":\"search_term_string\"}}],\"inLanguage\":\"es\"},{\"@type\":\"Organization\",\"@id\":\"https:\\\/\\\/eltermometro.mx\\\/#organization\",\"name\":\"El Tem\u00f3metro de la Noticia\",\"url\":\"https:\\\/\\\/eltermometro.mx\\\/\",\"logo\":{\"@type\":\"ImageObject\",\"inLanguage\":\"es\",\"@id\":\"https:\\\/\\\/eltermometro.mx\\\/#\\\/schema\\\/logo\\\/image\\\/\",\"url\":\"https:\\\/\\\/eltermometro.mx\\\/wp-content\\\/uploads\\\/2024\\\/09\\\/cropped-logo-ok.png\",\"contentUrl\":\"https:\\\/\\\/eltermometro.mx\\\/wp-content\\\/uploads\\\/2024\\\/09\\\/cropped-logo-ok.png\",\"width\":800,\"height\":224,\"caption\":\"El Tem\u00f3metro de la Noticia\"},\"image\":{\"@id\":\"https:\\\/\\\/eltermometro.mx\\\/#\\\/schema\\\/logo\\\/image\\\/\"},\"sameAs\":[\"https:\\\/\\\/www.facebook.com\\\/eltermometrodelanoticia.mx\\\/\"]},{\"@type\":\"Person\",\"@id\":\"https:\\\/\\\/eltermometro.mx\\\/#\\\/schema\\\/person\\\/639e7bbb8ebc8278e3840b35c51713e0\",\"name\":\"Staff El Term\u00f3metro de la Noticia\",\"url\":\"https:\\\/\\\/eltermometro.mx\\\/index.php\\\/author\\\/staff\\\/\"}]}<\/script>\n<!-- \/ Yoast SEO plugin. -->","yoast_head_json":{"title":"Detienen a trio en posesi\u00f3n de arma larga y cargadores - El Term\u00f3metro de la Noticia","robots":{"index":"index","follow":"follow","max-snippet":"max-snippet:-1","max-image-preview":"max-image-preview:large","max-video-preview":"max-video-preview:-1"},"canonical":"https:\/\/eltermometro.mx\/index.php\/2025\/05\/26\/detienen-a-trio-en-posesion-de-arma-larga-y-cargadores\/","og_locale":"es_ES","og_type":"article","og_title":"Detienen a trio en posesi\u00f3n de arma larga y cargadores - El Term\u00f3metro de la Noticia","og_description":"Tras un despliegue operativo enfocado en la zona del Valle de Mexicali Los trabajos coordinados entre las distintas instituciones responsables de la prevenci\u00f3n, el combate a las causas de los delitos y las violencias, as\u00ed como la procuraci\u00f3n de justicia, dieron como resultado la detenci\u00f3n de dos hombres y una mujer que fueron sorprendidos transportando [&hellip;]","og_url":"https:\/\/eltermometro.mx\/index.php\/2025\/05\/26\/detienen-a-trio-en-posesion-de-arma-larga-y-cargadores\/","og_site_name":"El Term\u00f3metro de la Noticia","article_publisher":"https:\/\/www.facebook.com\/eltermometrodelanoticia.mx\/","article_published_time":"2025-05-26T18:43:54+00:00","article_modified_time":"2025-05-26T18:43:57+00:00","og_image":[{"width":1200,"height":765,"url":"https:\/\/eltermometro.mx\/wp-content\/uploads\/2025\/05\/PHOTO-2025-05-25-20-17-52.jpg","type":"image\/jpeg"}],"author":"Staff El Term\u00f3metro de la Noticia","twitter_card":"summary_large_image","twitter_misc":{"Escrito por":"Staff El Term\u00f3metro de la Noticia","Tiempo de lectura":"2 minutos"},"schema":{"@context":"https:\/\/schema.org","@graph":[{"@type":"Article","@id":"https:\/\/eltermometro.mx\/index.php\/2025\/05\/26\/detienen-a-trio-en-posesion-de-arma-larga-y-cargadores\/#article","isPartOf":{"@id":"https:\/\/eltermometro.mx\/index.php\/2025\/05\/26\/detienen-a-trio-en-posesion-de-arma-larga-y-cargadores\/"},"author":{"name":"Staff El Term\u00f3metro de la Noticia","@id":"https:\/\/eltermometro.mx\/#\/schema\/person\/639e7bbb8ebc8278e3840b35c51713e0"},"headline":"Detienen a trio en posesi\u00f3n de arma larga y cargadores","datePublished":"2025-05-26T18:43:54+00:00","dateModified":"2025-05-26T18:43:57+00:00","mainEntityOfPage":{"@id":"https:\/\/eltermometro.mx\/index.php\/2025\/05\/26\/detienen-a-trio-en-posesion-de-arma-larga-y-cargadores\/"},"wordCount":349,"publisher":{"@id":"https:\/\/eltermometro.mx\/#organization"},"image":{"@id":"https:\/\/eltermometro.mx\/index.php\/2025\/05\/26\/detienen-a-trio-en-posesion-de-arma-larga-y-cargadores\/#primaryimage"},"thumbnailUrl":"https:\/\/eltermometro.mx\/wp-content\/uploads\/2025\/05\/PHOTO-2025-05-25-20-17-52.jpg","articleSection":["POLIC\u00cdACA"],"inLanguage":"es"},{"@type":"WebPage","@id":"https:\/\/eltermometro.mx\/index.php\/2025\/05\/26\/detienen-a-trio-en-posesion-de-arma-larga-y-cargadores\/","url":"https:\/\/eltermometro.mx\/index.php\/2025\/05\/26\/detienen-a-trio-en-posesion-de-arma-larga-y-cargadores\/","name":"Detienen a trio en posesi\u00f3n de arma larga y cargadores - El Term\u00f3metro de la Noticia","isPartOf":{"@id":"https:\/\/eltermometro.mx\/#website"},"primaryImageOfPage":{"@id":"https:\/\/eltermometro.mx\/index.php\/2025\/05\/26\/detienen-a-trio-en-posesion-de-arma-larga-y-cargadores\/#primaryimage"},"image":{"@id":"https:\/\/eltermometro.mx\/index.php\/2025\/05\/26\/detienen-a-trio-en-posesion-de-arma-larga-y-cargadores\/#primaryimage"},"thumbnailUrl":"https:\/\/eltermometro.mx\/wp-content\/uploads\/2025\/05\/PHOTO-2025-05-25-20-17-52.jpg","datePublished":"2025-05-26T18:43:54+00:00","dateModified":"2025-05-26T18:43:57+00:00","breadcrumb":{"@id":"https:\/\/eltermometro.mx\/index.php\/2025\/05\/26\/detienen-a-trio-en-posesion-de-arma-larga-y-cargadores\/#breadcrumb"},"inLanguage":"es","potentialAction":[{"@type":"ReadAction","target":["https:\/\/eltermometro.mx\/index.php\/2025\/05\/26\/detienen-a-trio-en-posesion-de-arma-larga-y-cargadores\/"]}]},{"@type":"ImageObject","inLanguage":"es","@id":"https:\/\/eltermometro.mx\/index.php\/2025\/05\/26\/detienen-a-trio-en-posesion-de-arma-larga-y-cargadores\/#primaryimage","url":"https:\/\/eltermometro.mx\/wp-content\/uploads\/2025\/05\/PHOTO-2025-05-25-20-17-52.jpg","contentUrl":"https:\/\/eltermometro.mx\/wp-content\/uploads\/2025\/05\/PHOTO-2025-05-25-20-17-52.jpg","width":1200,"height":765},{"@type":"BreadcrumbList","@id":"https:\/\/eltermometro.mx\/index.php\/2025\/05\/26\/detienen-a-trio-en-posesion-de-arma-larga-y-cargadores\/#breadcrumb","itemListElement":[{"@type":"ListItem","position":1,"name":"Portada","item":"https:\/\/eltermometro.mx\/"},{"@type":"ListItem","position":2,"name":"Detienen a trio en posesi\u00f3n de arma larga y cargadores"}]},{"@type":"WebSite","@id":"https:\/\/eltermometro.mx\/#website","url":"https:\/\/eltermometro.mx\/","name":"El Tem\u00f3metro de la Noticia","description":"","publisher":{"@id":"https:\/\/eltermometro.mx\/#organization"},"potentialAction":[{"@type":"SearchAction","target":{"@type":"EntryPoint","urlTemplate":"https:\/\/eltermometro.mx\/?s={search_term_string}"},"query-input":{"@type":"PropertyValueSpecification","valueRequired":true,"valueName":"search_term_string"}}],"inLanguage":"es"},{"@type":"Organization","@id":"https:\/\/eltermometro.mx\/#organization","name":"El Tem\u00f3metro de la Noticia","url":"https:\/\/eltermometro.mx\/","logo":{"@type":"ImageObject","inLanguage":"es","@id":"https:\/\/eltermometro.mx\/#\/schema\/logo\/image\/","url":"https:\/\/eltermometro.mx\/wp-content\/uploads\/2024\/09\/cropped-logo-ok.png","contentUrl":"https:\/\/eltermometro.mx\/wp-content\/uploads\/2024\/09\/cropped-logo-ok.png","width":800,"height":224,"caption":"El Tem\u00f3metro de la Noticia"},"image":{"@id":"https:\/\/eltermometro.mx\/#\/schema\/logo\/image\/"},"sameAs":["https:\/\/www.facebook.com\/eltermometrodelanoticia.mx\/"]},{"@type":"Person","@id":"https:\/\/eltermometro.mx\/#\/schema\/person\/639e7bbb8ebc8278e3840b35c51713e0","name":"Staff El Term\u00f3metro de la Noticia","url":"https:\/\/eltermometro.mx\/index.php\/author\/staff\/"}]}},"_links":{"self":[{"href":"https:\/\/eltermometro.mx\/index.php\/wp-json\/wp\/v2\/posts\/4041","targetHints":{"allow":["GET"]}}],"collection":[{"href":"https:\/\/eltermometro.mx\/index.php\/wp-json\/wp\/v2\/posts"}],"about":[{"href":"https:\/\/eltermometro.mx\/index.php\/wp-json\/wp\/v2\/types\/post"}],"author":[{"embeddable":true,"href":"https:\/\/eltermometro.mx\/index.php\/wp-json\/wp\/v2\/users\/2"}],"replies":[{"embeddable":true,"href":"https:\/\/eltermometro.mx\/index.php\/wp-json\/wp\/v2\/comments?post=4041"}],"version-history":[{"count":1,"href":"https:\/\/eltermometro.mx\/index.php\/wp-json\/wp\/v2\/posts\/4041\/revisions"}],"predecessor-version":[{"id":4048,"href":"https:\/\/eltermometro.mx\/index.php\/wp-json\/wp\/v2\/posts\/4041\/revisions\/4048"}],"wp:featuredmedia":[{"embeddable":true,"href":"https:\/\/eltermometro.mx\/index.php\/wp-json\/wp\/v2\/media\/4043"}],"wp:attachment":[{"href":"https:\/\/eltermometro.mx\/index.php\/wp-json\/wp\/v2\/media?parent=4041"}],"wp:term":[{"taxonomy":"category","embeddable":true,"href":"https:\/\/eltermometro.mx\/index.php\/wp-json\/wp\/v2\/categories?post=4041"},{"taxonomy":"post_tag","embeddable":true,"href":"https:\/\/eltermometro.mx\/index.php\/wp-json\/wp\/v2\/tags?post=4041"}],"curies":[{"name":"wp","href":"https:\/\/api.w.org\/{rel}","templated":true}]}}