{"id":7773,"date":"2026-01-06T13:06:44","date_gmt":"2026-01-06T21:06:44","guid":{"rendered":"https:\/\/eltermometro.mx\/?p=7773"},"modified":"2026-01-06T13:06:46","modified_gmt":"2026-01-06T21:06:46","slug":"aumento-a-pensiones-para-el-bienestar-continuara-mejorando-la-calidad-de-vida-gobernadora","status":"publish","type":"post","link":"https:\/\/eltermometro.mx\/index.php\/2026\/01\/06\/aumento-a-pensiones-para-el-bienestar-continuara-mejorando-la-calidad-de-vida-gobernadora\/","title":{"rendered":"Aumento a pensiones para el bienestar continuar\u00e1 mejorando la calidad de vida: Gobernadora"},"content":{"rendered":"\n<p>El aumento a los montos de las Pensiones para el Bienestar, impulsado por el Gobierno de M\u00e9xico para este 2026, seguir\u00e1 mejorando la calidad de vida de quienes m\u00e1s lo necesitan en todo el pa\u00eds, incluidos miles de beneficiarios en Baja California, se\u00f1al\u00f3 la gobernadora Marina del Pilar Avila Olmeda, al informar sobre el inicio de la dispersi\u00f3n de los apoyos.<\/p>\n\n\n\n<p>\u201cDe esta forma, la presidenta Claudia Sheinbaum Pardo reafirm\u00f3 su compromiso con el bienestar de las personas que m\u00e1s lo necesitan, y Baja California no es la excepci\u00f3n en estos programas que son pilar de la pol\u00edtica social de nuestro pa\u00eds\u201d, subray\u00f3 la mandataria.<\/p>\n\n\n\n<p>Detall\u00f3 que a partir de este a\u00f1o la Pensi\u00f3n para el Bienestar de las Personas Adultas Mayores, que cuenten con 65 a\u00f1os o m\u00e1s, aument\u00f3 a 6 mil 400 pesos bimestrales, mientras que la Pensi\u00f3n para el Bienestar de las Personas con Discapacidad increment\u00f3 a 3 mil 300 pesos bimestrales.<\/p>\n\n\n\n<p>Adem\u00e1s, apunt\u00f3 que el aumento en la Pensi\u00f3n Mujeres Bienestar a partir de este ejercicio es de 3 mil 100 pesos bimestrales, y en el caso del programa para el Bienestar de Ni\u00f1as y Ni\u00f1os Hijos de Madres Trabajadoras corresponde a mil 650 pesos bimestrales.<\/p>\n\n\n\n<p>La dispersi\u00f3n se realizar\u00e1 en el transcurso de enero y por orden alfab\u00e9tico de acuerdo con la letra inicial del primer apellido, de la siguiente manera: Lunes 5, letra A; martes 6, letra B; mi\u00e9rcoles 7 y jueves 8, letra C; viernes 9, letras D, E y F; lunes 12 y martes 13, letra G; mi\u00e9rcoles 14, letras H, I, J y K; jueves 15, letra L; viernes 16 y lunes 19, letra M; martes 20, letras N, \u00d1 y O; mi\u00e9rcoles 21, letras P y Q; jueves 22 y viernes 23, letra R; lunes 26, letra S; martes 27, letras T, U y V; mientras que las letras W, X, Y y Z ser\u00e1n el mi\u00e9rcoles 28.<\/p>\n\n\n\n<p>Las y los beneficiarios pueden realizar su retiro en cajeros autom\u00e1ticos o directamente en ventanilla en las sucursales del Banco del Bienestar a lo largo del estado. Para obtener mayor informaci\u00f3n, acceder al sitio: http:\/\/www.gob.mx\/bienestar.<\/p>\n","protected":false},"excerpt":{"rendered":"<p>El aumento a los montos de las Pensiones para el Bienestar, impulsado por el Gobierno de M\u00e9xico para este 2026, seguir\u00e1 mejorando la calidad de vida de quienes m\u00e1s lo necesitan en todo el pa\u00eds, incluidos miles de beneficiarios en Baja California, se\u00f1al\u00f3 la gobernadora Marina del Pilar Avila Olmeda, al informar sobre el inicio [&hellip;]<\/p>\n","protected":false},"author":2,"featured_media":7752,"comment_status":"closed","ping_status":"closed","sticky":false,"template":"","format":"standard","meta":{"footnotes":""},"categories":[5],"tags":[],"class_list":["post-7773","post","type-post","status-publish","format-standard","has-post-thumbnail","hentry","category-estado"],"yoast_head":"<!-- This site is optimized with the Yoast SEO plugin v27.5 - https:\/\/yoast.com\/product\/yoast-seo-wordpress\/ -->\n<title>Aumento a pensiones para el bienestar continuar\u00e1 mejorando la calidad de vida: Gobernadora - El Term\u00f3metro de la Noticia<\/title>\n<meta name=\"robots\" content=\"index, follow, max-snippet:-1, max-image-preview:large, max-video-preview:-1\" \/>\n<link rel=\"canonical\" href=\"https:\/\/eltermometro.mx\/index.php\/2026\/01\/06\/aumento-a-pensiones-para-el-bienestar-continuara-mejorando-la-calidad-de-vida-gobernadora\/\" \/>\n<meta property=\"og:locale\" content=\"es_ES\" \/>\n<meta property=\"og:type\" content=\"article\" \/>\n<meta property=\"og:title\" content=\"Aumento a pensiones para el bienestar continuar\u00e1 mejorando la calidad de vida: Gobernadora - El Term\u00f3metro de la Noticia\" \/>\n<meta property=\"og:description\" content=\"El aumento a los montos de las Pensiones para el Bienestar, impulsado por el Gobierno de M\u00e9xico para este 2026, seguir\u00e1 mejorando la calidad de vida de quienes m\u00e1s lo necesitan en todo el pa\u00eds, incluidos miles de beneficiarios en Baja California, se\u00f1al\u00f3 la gobernadora Marina del Pilar Avila Olmeda, al informar sobre el inicio [&hellip;]\" \/>\n<meta property=\"og:url\" content=\"https:\/\/eltermometro.mx\/index.php\/2026\/01\/06\/aumento-a-pensiones-para-el-bienestar-continuara-mejorando-la-calidad-de-vida-gobernadora\/\" \/>\n<meta property=\"og:site_name\" content=\"El Term\u00f3metro de la Noticia\" \/>\n<meta property=\"article:publisher\" content=\"https:\/\/www.facebook.com\/eltermometrodelanoticia.mx\/\" \/>\n<meta property=\"article:published_time\" content=\"2026-01-06T21:06:44+00:00\" \/>\n<meta property=\"article:modified_time\" content=\"2026-01-06T21:06:46+00:00\" \/>\n<meta property=\"og:image\" content=\"https:\/\/eltermometro.mx\/wp-content\/uploads\/2026\/01\/WhatsApp-Image-2026-01-05-at-18.44.55.jpeg\" \/>\n\t<meta property=\"og:image:width\" content=\"1067\" \/>\n\t<meta property=\"og:image:height\" content=\"665\" \/>\n\t<meta property=\"og:image:type\" content=\"image\/jpeg\" \/>\n<meta name=\"author\" content=\"Staff El Term\u00f3metro de la Noticia\" \/>\n<meta name=\"twitter:card\" content=\"summary_large_image\" \/>\n<meta name=\"twitter:label1\" content=\"Escrito por\" \/>\n\t<meta name=\"twitter:data1\" content=\"Staff El Term\u00f3metro de la Noticia\" \/>\n\t<meta name=\"twitter:label2\" content=\"Tiempo de lectura\" \/>\n\t<meta name=\"twitter:data2\" content=\"2 minutos\" \/>\n<script type=\"application\/ld+json\" class=\"yoast-schema-graph\">{\"@context\":\"https:\\\/\\\/schema.org\",\"@graph\":[{\"@type\":\"Article\",\"@id\":\"https:\\\/\\\/eltermometro.mx\\\/index.php\\\/2026\\\/01\\\/06\\\/aumento-a-pensiones-para-el-bienestar-continuara-mejorando-la-calidad-de-vida-gobernadora\\\/#article\",\"isPartOf\":{\"@id\":\"https:\\\/\\\/eltermometro.mx\\\/index.php\\\/2026\\\/01\\\/06\\\/aumento-a-pensiones-para-el-bienestar-continuara-mejorando-la-calidad-de-vida-gobernadora\\\/\"},\"author\":{\"name\":\"Staff El Term\u00f3metro de la Noticia\",\"@id\":\"https:\\\/\\\/eltermometro.mx\\\/#\\\/schema\\\/person\\\/639e7bbb8ebc8278e3840b35c51713e0\"},\"headline\":\"Aumento a pensiones para el bienestar continuar\u00e1 mejorando la calidad de vida: Gobernadora\",\"datePublished\":\"2026-01-06T21:06:44+00:00\",\"dateModified\":\"2026-01-06T21:06:46+00:00\",\"mainEntityOfPage\":{\"@id\":\"https:\\\/\\\/eltermometro.mx\\\/index.php\\\/2026\\\/01\\\/06\\\/aumento-a-pensiones-para-el-bienestar-continuara-mejorando-la-calidad-de-vida-gobernadora\\\/\"},\"wordCount\":369,\"publisher\":{\"@id\":\"https:\\\/\\\/eltermometro.mx\\\/#organization\"},\"image\":{\"@id\":\"https:\\\/\\\/eltermometro.mx\\\/index.php\\\/2026\\\/01\\\/06\\\/aumento-a-pensiones-para-el-bienestar-continuara-mejorando-la-calidad-de-vida-gobernadora\\\/#primaryimage\"},\"thumbnailUrl\":\"https:\\\/\\\/eltermometro.mx\\\/wp-content\\\/uploads\\\/2026\\\/01\\\/WhatsApp-Image-2026-01-05-at-18.44.55.jpeg\",\"articleSection\":[\"ESTADO\"],\"inLanguage\":\"es\"},{\"@type\":\"WebPage\",\"@id\":\"https:\\\/\\\/eltermometro.mx\\\/index.php\\\/2026\\\/01\\\/06\\\/aumento-a-pensiones-para-el-bienestar-continuara-mejorando-la-calidad-de-vida-gobernadora\\\/\",\"url\":\"https:\\\/\\\/eltermometro.mx\\\/index.php\\\/2026\\\/01\\\/06\\\/aumento-a-pensiones-para-el-bienestar-continuara-mejorando-la-calidad-de-vida-gobernadora\\\/\",\"name\":\"Aumento a pensiones para el bienestar continuar\u00e1 mejorando la calidad de vida: Gobernadora - El Term\u00f3metro de la Noticia\",\"isPartOf\":{\"@id\":\"https:\\\/\\\/eltermometro.mx\\\/#website\"},\"primaryImageOfPage\":{\"@id\":\"https:\\\/\\\/eltermometro.mx\\\/index.php\\\/2026\\\/01\\\/06\\\/aumento-a-pensiones-para-el-bienestar-continuara-mejorando-la-calidad-de-vida-gobernadora\\\/#primaryimage\"},\"image\":{\"@id\":\"https:\\\/\\\/eltermometro.mx\\\/index.php\\\/2026\\\/01\\\/06\\\/aumento-a-pensiones-para-el-bienestar-continuara-mejorando-la-calidad-de-vida-gobernadora\\\/#primaryimage\"},\"thumbnailUrl\":\"https:\\\/\\\/eltermometro.mx\\\/wp-content\\\/uploads\\\/2026\\\/01\\\/WhatsApp-Image-2026-01-05-at-18.44.55.jpeg\",\"datePublished\":\"2026-01-06T21:06:44+00:00\",\"dateModified\":\"2026-01-06T21:06:46+00:00\",\"breadcrumb\":{\"@id\":\"https:\\\/\\\/eltermometro.mx\\\/index.php\\\/2026\\\/01\\\/06\\\/aumento-a-pensiones-para-el-bienestar-continuara-mejorando-la-calidad-de-vida-gobernadora\\\/#breadcrumb\"},\"inLanguage\":\"es\",\"potentialAction\":[{\"@type\":\"ReadAction\",\"target\":[\"https:\\\/\\\/eltermometro.mx\\\/index.php\\\/2026\\\/01\\\/06\\\/aumento-a-pensiones-para-el-bienestar-continuara-mejorando-la-calidad-de-vida-gobernadora\\\/\"]}]},{\"@type\":\"ImageObject\",\"inLanguage\":\"es\",\"@id\":\"https:\\\/\\\/eltermometro.mx\\\/index.php\\\/2026\\\/01\\\/06\\\/aumento-a-pensiones-para-el-bienestar-continuara-mejorando-la-calidad-de-vida-gobernadora\\\/#primaryimage\",\"url\":\"https:\\\/\\\/eltermometro.mx\\\/wp-content\\\/uploads\\\/2026\\\/01\\\/WhatsApp-Image-2026-01-05-at-18.44.55.jpeg\",\"contentUrl\":\"https:\\\/\\\/eltermometro.mx\\\/wp-content\\\/uploads\\\/2026\\\/01\\\/WhatsApp-Image-2026-01-05-at-18.44.55.jpeg\",\"width\":1067,\"height\":665},{\"@type\":\"BreadcrumbList\",\"@id\":\"https:\\\/\\\/eltermometro.mx\\\/index.php\\\/2026\\\/01\\\/06\\\/aumento-a-pensiones-para-el-bienestar-continuara-mejorando-la-calidad-de-vida-gobernadora\\\/#breadcrumb\",\"itemListElement\":[{\"@type\":\"ListItem\",\"position\":1,\"name\":\"Portada\",\"item\":\"https:\\\/\\\/eltermometro.mx\\\/\"},{\"@type\":\"ListItem\",\"position\":2,\"name\":\"Aumento a pensiones para el bienestar continuar\u00e1 mejorando la calidad de vida: Gobernadora\"}]},{\"@type\":\"WebSite\",\"@id\":\"https:\\\/\\\/eltermometro.mx\\\/#website\",\"url\":\"https:\\\/\\\/eltermometro.mx\\\/\",\"name\":\"El Tem\u00f3metro de la Noticia\",\"description\":\"\",\"publisher\":{\"@id\":\"https:\\\/\\\/eltermometro.mx\\\/#organization\"},\"potentialAction\":[{\"@type\":\"SearchAction\",\"target\":{\"@type\":\"EntryPoint\",\"urlTemplate\":\"https:\\\/\\\/eltermometro.mx\\\/?s={search_term_string}\"},\"query-input\":{\"@type\":\"PropertyValueSpecification\",\"valueRequired\":true,\"valueName\":\"search_term_string\"}}],\"inLanguage\":\"es\"},{\"@type\":\"Organization\",\"@id\":\"https:\\\/\\\/eltermometro.mx\\\/#organization\",\"name\":\"El Tem\u00f3metro de la Noticia\",\"url\":\"https:\\\/\\\/eltermometro.mx\\\/\",\"logo\":{\"@type\":\"ImageObject\",\"inLanguage\":\"es\",\"@id\":\"https:\\\/\\\/eltermometro.mx\\\/#\\\/schema\\\/logo\\\/image\\\/\",\"url\":\"https:\\\/\\\/eltermometro.mx\\\/wp-content\\\/uploads\\\/2024\\\/09\\\/cropped-logo-ok.png\",\"contentUrl\":\"https:\\\/\\\/eltermometro.mx\\\/wp-content\\\/uploads\\\/2024\\\/09\\\/cropped-logo-ok.png\",\"width\":800,\"height\":224,\"caption\":\"El Tem\u00f3metro de la Noticia\"},\"image\":{\"@id\":\"https:\\\/\\\/eltermometro.mx\\\/#\\\/schema\\\/logo\\\/image\\\/\"},\"sameAs\":[\"https:\\\/\\\/www.facebook.com\\\/eltermometrodelanoticia.mx\\\/\"]},{\"@type\":\"Person\",\"@id\":\"https:\\\/\\\/eltermometro.mx\\\/#\\\/schema\\\/person\\\/639e7bbb8ebc8278e3840b35c51713e0\",\"name\":\"Staff El Term\u00f3metro de la Noticia\",\"url\":\"https:\\\/\\\/eltermometro.mx\\\/index.php\\\/author\\\/staff\\\/\"}]}<\/script>\n<!-- \/ Yoast SEO plugin. -->","yoast_head_json":{"title":"Aumento a pensiones para el bienestar continuar\u00e1 mejorando la calidad de vida: Gobernadora - El Term\u00f3metro de la Noticia","robots":{"index":"index","follow":"follow","max-snippet":"max-snippet:-1","max-image-preview":"max-image-preview:large","max-video-preview":"max-video-preview:-1"},"canonical":"https:\/\/eltermometro.mx\/index.php\/2026\/01\/06\/aumento-a-pensiones-para-el-bienestar-continuara-mejorando-la-calidad-de-vida-gobernadora\/","og_locale":"es_ES","og_type":"article","og_title":"Aumento a pensiones para el bienestar continuar\u00e1 mejorando la calidad de vida: Gobernadora - El Term\u00f3metro de la Noticia","og_description":"El aumento a los montos de las Pensiones para el Bienestar, impulsado por el Gobierno de M\u00e9xico para este 2026, seguir\u00e1 mejorando la calidad de vida de quienes m\u00e1s lo necesitan en todo el pa\u00eds, incluidos miles de beneficiarios en Baja California, se\u00f1al\u00f3 la gobernadora Marina del Pilar Avila Olmeda, al informar sobre el inicio [&hellip;]","og_url":"https:\/\/eltermometro.mx\/index.php\/2026\/01\/06\/aumento-a-pensiones-para-el-bienestar-continuara-mejorando-la-calidad-de-vida-gobernadora\/","og_site_name":"El Term\u00f3metro de la Noticia","article_publisher":"https:\/\/www.facebook.com\/eltermometrodelanoticia.mx\/","article_published_time":"2026-01-06T21:06:44+00:00","article_modified_time":"2026-01-06T21:06:46+00:00","og_image":[{"width":1067,"height":665,"url":"https:\/\/eltermometro.mx\/wp-content\/uploads\/2026\/01\/WhatsApp-Image-2026-01-05-at-18.44.55.jpeg","type":"image\/jpeg"}],"author":"Staff El Term\u00f3metro de la Noticia","twitter_card":"summary_large_image","twitter_misc":{"Escrito por":"Staff El Term\u00f3metro de la Noticia","Tiempo de lectura":"2 minutos"},"schema":{"@context":"https:\/\/schema.org","@graph":[{"@type":"Article","@id":"https:\/\/eltermometro.mx\/index.php\/2026\/01\/06\/aumento-a-pensiones-para-el-bienestar-continuara-mejorando-la-calidad-de-vida-gobernadora\/#article","isPartOf":{"@id":"https:\/\/eltermometro.mx\/index.php\/2026\/01\/06\/aumento-a-pensiones-para-el-bienestar-continuara-mejorando-la-calidad-de-vida-gobernadora\/"},"author":{"name":"Staff El Term\u00f3metro de la Noticia","@id":"https:\/\/eltermometro.mx\/#\/schema\/person\/639e7bbb8ebc8278e3840b35c51713e0"},"headline":"Aumento a pensiones para el bienestar continuar\u00e1 mejorando la calidad de vida: Gobernadora","datePublished":"2026-01-06T21:06:44+00:00","dateModified":"2026-01-06T21:06:46+00:00","mainEntityOfPage":{"@id":"https:\/\/eltermometro.mx\/index.php\/2026\/01\/06\/aumento-a-pensiones-para-el-bienestar-continuara-mejorando-la-calidad-de-vida-gobernadora\/"},"wordCount":369,"publisher":{"@id":"https:\/\/eltermometro.mx\/#organization"},"image":{"@id":"https:\/\/eltermometro.mx\/index.php\/2026\/01\/06\/aumento-a-pensiones-para-el-bienestar-continuara-mejorando-la-calidad-de-vida-gobernadora\/#primaryimage"},"thumbnailUrl":"https:\/\/eltermometro.mx\/wp-content\/uploads\/2026\/01\/WhatsApp-Image-2026-01-05-at-18.44.55.jpeg","articleSection":["ESTADO"],"inLanguage":"es"},{"@type":"WebPage","@id":"https:\/\/eltermometro.mx\/index.php\/2026\/01\/06\/aumento-a-pensiones-para-el-bienestar-continuara-mejorando-la-calidad-de-vida-gobernadora\/","url":"https:\/\/eltermometro.mx\/index.php\/2026\/01\/06\/aumento-a-pensiones-para-el-bienestar-continuara-mejorando-la-calidad-de-vida-gobernadora\/","name":"Aumento a pensiones para el bienestar continuar\u00e1 mejorando la calidad de vida: Gobernadora - El Term\u00f3metro de la Noticia","isPartOf":{"@id":"https:\/\/eltermometro.mx\/#website"},"primaryImageOfPage":{"@id":"https:\/\/eltermometro.mx\/index.php\/2026\/01\/06\/aumento-a-pensiones-para-el-bienestar-continuara-mejorando-la-calidad-de-vida-gobernadora\/#primaryimage"},"image":{"@id":"https:\/\/eltermometro.mx\/index.php\/2026\/01\/06\/aumento-a-pensiones-para-el-bienestar-continuara-mejorando-la-calidad-de-vida-gobernadora\/#primaryimage"},"thumbnailUrl":"https:\/\/eltermometro.mx\/wp-content\/uploads\/2026\/01\/WhatsApp-Image-2026-01-05-at-18.44.55.jpeg","datePublished":"2026-01-06T21:06:44+00:00","dateModified":"2026-01-06T21:06:46+00:00","breadcrumb":{"@id":"https:\/\/eltermometro.mx\/index.php\/2026\/01\/06\/aumento-a-pensiones-para-el-bienestar-continuara-mejorando-la-calidad-de-vida-gobernadora\/#breadcrumb"},"inLanguage":"es","potentialAction":[{"@type":"ReadAction","target":["https:\/\/eltermometro.mx\/index.php\/2026\/01\/06\/aumento-a-pensiones-para-el-bienestar-continuara-mejorando-la-calidad-de-vida-gobernadora\/"]}]},{"@type":"ImageObject","inLanguage":"es","@id":"https:\/\/eltermometro.mx\/index.php\/2026\/01\/06\/aumento-a-pensiones-para-el-bienestar-continuara-mejorando-la-calidad-de-vida-gobernadora\/#primaryimage","url":"https:\/\/eltermometro.mx\/wp-content\/uploads\/2026\/01\/WhatsApp-Image-2026-01-05-at-18.44.55.jpeg","contentUrl":"https:\/\/eltermometro.mx\/wp-content\/uploads\/2026\/01\/WhatsApp-Image-2026-01-05-at-18.44.55.jpeg","width":1067,"height":665},{"@type":"BreadcrumbList","@id":"https:\/\/eltermometro.mx\/index.php\/2026\/01\/06\/aumento-a-pensiones-para-el-bienestar-continuara-mejorando-la-calidad-de-vida-gobernadora\/#breadcrumb","itemListElement":[{"@type":"ListItem","position":1,"name":"Portada","item":"https:\/\/eltermometro.mx\/"},{"@type":"ListItem","position":2,"name":"Aumento a pensiones para el bienestar continuar\u00e1 mejorando la calidad de vida: Gobernadora"}]},{"@type":"WebSite","@id":"https:\/\/eltermometro.mx\/#website","url":"https:\/\/eltermometro.mx\/","name":"El Tem\u00f3metro de la Noticia","description":"","publisher":{"@id":"https:\/\/eltermometro.mx\/#organization"},"potentialAction":[{"@type":"SearchAction","target":{"@type":"EntryPoint","urlTemplate":"https:\/\/eltermometro.mx\/?s={search_term_string}"},"query-input":{"@type":"PropertyValueSpecification","valueRequired":true,"valueName":"search_term_string"}}],"inLanguage":"es"},{"@type":"Organization","@id":"https:\/\/eltermometro.mx\/#organization","name":"El Tem\u00f3metro de la Noticia","url":"https:\/\/eltermometro.mx\/","logo":{"@type":"ImageObject","inLanguage":"es","@id":"https:\/\/eltermometro.mx\/#\/schema\/logo\/image\/","url":"https:\/\/eltermometro.mx\/wp-content\/uploads\/2024\/09\/cropped-logo-ok.png","contentUrl":"https:\/\/eltermometro.mx\/wp-content\/uploads\/2024\/09\/cropped-logo-ok.png","width":800,"height":224,"caption":"El Tem\u00f3metro de la Noticia"},"image":{"@id":"https:\/\/eltermometro.mx\/#\/schema\/logo\/image\/"},"sameAs":["https:\/\/www.facebook.com\/eltermometrodelanoticia.mx\/"]},{"@type":"Person","@id":"https:\/\/eltermometro.mx\/#\/schema\/person\/639e7bbb8ebc8278e3840b35c51713e0","name":"Staff El Term\u00f3metro de la Noticia","url":"https:\/\/eltermometro.mx\/index.php\/author\/staff\/"}]}},"_links":{"self":[{"href":"https:\/\/eltermometro.mx\/index.php\/wp-json\/wp\/v2\/posts\/7773","targetHints":{"allow":["GET"]}}],"collection":[{"href":"https:\/\/eltermometro.mx\/index.php\/wp-json\/wp\/v2\/posts"}],"about":[{"href":"https:\/\/eltermometro.mx\/index.php\/wp-json\/wp\/v2\/types\/post"}],"author":[{"embeddable":true,"href":"https:\/\/eltermometro.mx\/index.php\/wp-json\/wp\/v2\/users\/2"}],"replies":[{"embeddable":true,"href":"https:\/\/eltermometro.mx\/index.php\/wp-json\/wp\/v2\/comments?post=7773"}],"version-history":[{"count":1,"href":"https:\/\/eltermometro.mx\/index.php\/wp-json\/wp\/v2\/posts\/7773\/revisions"}],"predecessor-version":[{"id":7774,"href":"https:\/\/eltermometro.mx\/index.php\/wp-json\/wp\/v2\/posts\/7773\/revisions\/7774"}],"wp:featuredmedia":[{"embeddable":true,"href":"https:\/\/eltermometro.mx\/index.php\/wp-json\/wp\/v2\/media\/7752"}],"wp:attachment":[{"href":"https:\/\/eltermometro.mx\/index.php\/wp-json\/wp\/v2\/media?parent=7773"}],"wp:term":[{"taxonomy":"category","embeddable":true,"href":"https:\/\/eltermometro.mx\/index.php\/wp-json\/wp\/v2\/categories?post=7773"},{"taxonomy":"post_tag","embeddable":true,"href":"https:\/\/eltermometro.mx\/index.php\/wp-json\/wp\/v2\/tags?post=7773"}],"curies":[{"name":"wp","href":"https:\/\/api.w.org\/{rel}","templated":true}]}}