{"id":7785,"date":"2026-01-07T14:47:56","date_gmt":"2026-01-07T22:47:56","guid":{"rendered":"https:\/\/eltermometro.mx\/?p=7785"},"modified":"2026-01-07T14:47:58","modified_gmt":"2026-01-07T22:47:58","slug":"aclara-diputada-ang-que-olvido-dinero-en-su-vehiculo","status":"publish","type":"post","link":"https:\/\/eltermometro.mx\/index.php\/2026\/01\/07\/aclara-diputada-ang-que-olvido-dinero-en-su-vehiculo\/","title":{"rendered":"Aclara diputada Ang que \u201colvid\u00f3\u201d dinero en su veh\u00edculo"},"content":{"rendered":"\n<p>Despu\u00e9s de que trascendiera en redes sociales la retenci\u00f3n por parte de personal de aduanas de Estados Unidos a la diputada por Morena, Alejandra Mar\u00eda Ang Hern\u00e1ndez, la legisladora emiti\u00f3 una explicaci\u00f3n.<\/p>\n\n\n\n<p>La tarde de este lunes, la tambi\u00e9n presidenta de la Comisi\u00f3n de Fiscalizaci\u00f3n del Gasto P\u00fablico de la XXV Legislatura del estado, fue retenida al encontrarle una cantidad en efectivo que ronda los 800 mil pesos y que no fueron declarados al cruzar por la garita Este, o garita nueva, como se le conoce coloquialmente.<\/p>\n\n\n\n<p>Ha trascendido que, si bien la diputada fue liberada y no le fue retirada su visa, el dinero ha quedado a resguardo de las autoridades de Estados Unidos, hasta que se aclare su origen.&nbsp;&nbsp;<\/p>\n\n\n\n<p class=\"has-medium-font-size\"><strong>\u00a0A la opini\u00f3n p\u00fablica:<\/strong><\/p>\n\n\n\n<p>&nbsp;Previo al cruzar por la Garita de Calexico, por error no resguard\u00e9 en mi casa&nbsp; dinero en efectivo que se destinar\u00e1 para la compra de un veh\u00edculo.&nbsp;<\/p>\n\n\n\n<p>Dicha cantidad est\u00e1 por encima del umbral que en Estados Unidos debe declararse al ingresar o salir del pa\u00eds.<\/p>\n\n\n\n<p>Quiero ser absolutamente clara: Son recursos personales de mi esposo y su servidora, derivados de ahorros de a\u00f1os de trabajo y la venta de un autom\u00f3vil; estoy atendiendo el proceso administrativo para aclarar, documentar y recuperar el dinero de nuestra propiedad.<\/p>\n\n\n\n<p>Preciso tambi\u00e9n que mis documentos no fueron retirados ni revocados.<\/p>\n\n\n\n<p>Estoy cooperando plenamente y entregar\u00e9 toda la informaci\u00f3n requerida para cerrar este tr\u00e1mite con puntualidad.<\/p>\n\n\n\n<p>Agradezco a quienes han preguntado con responsabilidad. Mi compromiso es el de siempre: actuar con legalidad y transparencia.<\/p>\n\n\n\n<p><strong>Atentamente\u00a0<\/strong><\/p>\n\n\n\n<p><strong>Alejandra Mar\u00eda Ang Hern\u00e1ndez<\/strong><\/p>\n\n\n\n<p><\/p>\n","protected":false},"excerpt":{"rendered":"<p>Despu\u00e9s de que trascendiera en redes sociales la retenci\u00f3n por parte de personal de aduanas de Estados Unidos a la diputada por Morena, Alejandra Mar\u00eda Ang Hern\u00e1ndez, la legisladora emiti\u00f3 una explicaci\u00f3n. La tarde de este lunes, la tambi\u00e9n presidenta de la Comisi\u00f3n de Fiscalizaci\u00f3n del Gasto P\u00fablico de la XXV Legislatura del estado, fue [&hellip;]<\/p>\n","protected":false},"author":2,"featured_media":7782,"comment_status":"closed","ping_status":"closed","sticky":false,"template":"","format":"standard","meta":{"footnotes":""},"categories":[6],"tags":[],"class_list":["post-7785","post","type-post","status-publish","format-standard","has-post-thumbnail","hentry","category-politica"],"yoast_head":"<!-- This site is optimized with the Yoast SEO plugin v27.5 - https:\/\/yoast.com\/product\/yoast-seo-wordpress\/ -->\n<title>Aclara diputada Ang que \u201colvid\u00f3\u201d dinero en su veh\u00edculo - El Term\u00f3metro de la Noticia<\/title>\n<meta name=\"robots\" content=\"index, follow, max-snippet:-1, max-image-preview:large, max-video-preview:-1\" \/>\n<link rel=\"canonical\" href=\"https:\/\/eltermometro.mx\/index.php\/2026\/01\/07\/aclara-diputada-ang-que-olvido-dinero-en-su-vehiculo\/\" \/>\n<meta property=\"og:locale\" content=\"es_ES\" \/>\n<meta property=\"og:type\" content=\"article\" \/>\n<meta property=\"og:title\" content=\"Aclara diputada Ang que \u201colvid\u00f3\u201d dinero en su veh\u00edculo - El Term\u00f3metro de la Noticia\" \/>\n<meta property=\"og:description\" content=\"Despu\u00e9s de que trascendiera en redes sociales la retenci\u00f3n por parte de personal de aduanas de Estados Unidos a la diputada por Morena, Alejandra Mar\u00eda Ang Hern\u00e1ndez, la legisladora emiti\u00f3 una explicaci\u00f3n. La tarde de este lunes, la tambi\u00e9n presidenta de la Comisi\u00f3n de Fiscalizaci\u00f3n del Gasto P\u00fablico de la XXV Legislatura del estado, fue [&hellip;]\" \/>\n<meta property=\"og:url\" content=\"https:\/\/eltermometro.mx\/index.php\/2026\/01\/07\/aclara-diputada-ang-que-olvido-dinero-en-su-vehiculo\/\" \/>\n<meta property=\"og:site_name\" content=\"El Term\u00f3metro de la Noticia\" \/>\n<meta property=\"article:publisher\" content=\"https:\/\/www.facebook.com\/eltermometrodelanoticia.mx\/\" \/>\n<meta property=\"article:published_time\" content=\"2026-01-07T22:47:56+00:00\" \/>\n<meta property=\"article:modified_time\" content=\"2026-01-07T22:47:58+00:00\" \/>\n<meta property=\"og:image\" content=\"https:\/\/eltermometro.mx\/wp-content\/uploads\/2026\/01\/WhatsApp-Image-2026-01-06-at-20.05.21.jpeg\" \/>\n\t<meta property=\"og:image:width\" content=\"1067\" \/>\n\t<meta property=\"og:image:height\" content=\"665\" \/>\n\t<meta property=\"og:image:type\" content=\"image\/jpeg\" \/>\n<meta name=\"author\" content=\"Staff El Term\u00f3metro de la Noticia\" \/>\n<meta name=\"twitter:card\" content=\"summary_large_image\" \/>\n<meta name=\"twitter:label1\" content=\"Escrito por\" \/>\n\t<meta name=\"twitter:data1\" content=\"Staff El Term\u00f3metro de la Noticia\" \/>\n\t<meta name=\"twitter:label2\" content=\"Tiempo de lectura\" \/>\n\t<meta name=\"twitter:data2\" content=\"2 minutos\" \/>\n<script type=\"application\/ld+json\" class=\"yoast-schema-graph\">{\"@context\":\"https:\\\/\\\/schema.org\",\"@graph\":[{\"@type\":\"Article\",\"@id\":\"https:\\\/\\\/eltermometro.mx\\\/index.php\\\/2026\\\/01\\\/07\\\/aclara-diputada-ang-que-olvido-dinero-en-su-vehiculo\\\/#article\",\"isPartOf\":{\"@id\":\"https:\\\/\\\/eltermometro.mx\\\/index.php\\\/2026\\\/01\\\/07\\\/aclara-diputada-ang-que-olvido-dinero-en-su-vehiculo\\\/\"},\"author\":{\"name\":\"Staff El Term\u00f3metro de la Noticia\",\"@id\":\"https:\\\/\\\/eltermometro.mx\\\/#\\\/schema\\\/person\\\/639e7bbb8ebc8278e3840b35c51713e0\"},\"headline\":\"Aclara diputada Ang que \u201colvid\u00f3\u201d dinero en su veh\u00edculo\",\"datePublished\":\"2026-01-07T22:47:56+00:00\",\"dateModified\":\"2026-01-07T22:47:58+00:00\",\"mainEntityOfPage\":{\"@id\":\"https:\\\/\\\/eltermometro.mx\\\/index.php\\\/2026\\\/01\\\/07\\\/aclara-diputada-ang-que-olvido-dinero-en-su-vehiculo\\\/\"},\"wordCount\":294,\"publisher\":{\"@id\":\"https:\\\/\\\/eltermometro.mx\\\/#organization\"},\"image\":{\"@id\":\"https:\\\/\\\/eltermometro.mx\\\/index.php\\\/2026\\\/01\\\/07\\\/aclara-diputada-ang-que-olvido-dinero-en-su-vehiculo\\\/#primaryimage\"},\"thumbnailUrl\":\"https:\\\/\\\/eltermometro.mx\\\/wp-content\\\/uploads\\\/2026\\\/01\\\/WhatsApp-Image-2026-01-06-at-20.05.21.jpeg\",\"articleSection\":[\"POL\u00cdTICA\"],\"inLanguage\":\"es\"},{\"@type\":\"WebPage\",\"@id\":\"https:\\\/\\\/eltermometro.mx\\\/index.php\\\/2026\\\/01\\\/07\\\/aclara-diputada-ang-que-olvido-dinero-en-su-vehiculo\\\/\",\"url\":\"https:\\\/\\\/eltermometro.mx\\\/index.php\\\/2026\\\/01\\\/07\\\/aclara-diputada-ang-que-olvido-dinero-en-su-vehiculo\\\/\",\"name\":\"Aclara diputada Ang que \u201colvid\u00f3\u201d dinero en su veh\u00edculo - El Term\u00f3metro de la Noticia\",\"isPartOf\":{\"@id\":\"https:\\\/\\\/eltermometro.mx\\\/#website\"},\"primaryImageOfPage\":{\"@id\":\"https:\\\/\\\/eltermometro.mx\\\/index.php\\\/2026\\\/01\\\/07\\\/aclara-diputada-ang-que-olvido-dinero-en-su-vehiculo\\\/#primaryimage\"},\"image\":{\"@id\":\"https:\\\/\\\/eltermometro.mx\\\/index.php\\\/2026\\\/01\\\/07\\\/aclara-diputada-ang-que-olvido-dinero-en-su-vehiculo\\\/#primaryimage\"},\"thumbnailUrl\":\"https:\\\/\\\/eltermometro.mx\\\/wp-content\\\/uploads\\\/2026\\\/01\\\/WhatsApp-Image-2026-01-06-at-20.05.21.jpeg\",\"datePublished\":\"2026-01-07T22:47:56+00:00\",\"dateModified\":\"2026-01-07T22:47:58+00:00\",\"breadcrumb\":{\"@id\":\"https:\\\/\\\/eltermometro.mx\\\/index.php\\\/2026\\\/01\\\/07\\\/aclara-diputada-ang-que-olvido-dinero-en-su-vehiculo\\\/#breadcrumb\"},\"inLanguage\":\"es\",\"potentialAction\":[{\"@type\":\"ReadAction\",\"target\":[\"https:\\\/\\\/eltermometro.mx\\\/index.php\\\/2026\\\/01\\\/07\\\/aclara-diputada-ang-que-olvido-dinero-en-su-vehiculo\\\/\"]}]},{\"@type\":\"ImageObject\",\"inLanguage\":\"es\",\"@id\":\"https:\\\/\\\/eltermometro.mx\\\/index.php\\\/2026\\\/01\\\/07\\\/aclara-diputada-ang-que-olvido-dinero-en-su-vehiculo\\\/#primaryimage\",\"url\":\"https:\\\/\\\/eltermometro.mx\\\/wp-content\\\/uploads\\\/2026\\\/01\\\/WhatsApp-Image-2026-01-06-at-20.05.21.jpeg\",\"contentUrl\":\"https:\\\/\\\/eltermometro.mx\\\/wp-content\\\/uploads\\\/2026\\\/01\\\/WhatsApp-Image-2026-01-06-at-20.05.21.jpeg\",\"width\":1067,\"height\":665},{\"@type\":\"BreadcrumbList\",\"@id\":\"https:\\\/\\\/eltermometro.mx\\\/index.php\\\/2026\\\/01\\\/07\\\/aclara-diputada-ang-que-olvido-dinero-en-su-vehiculo\\\/#breadcrumb\",\"itemListElement\":[{\"@type\":\"ListItem\",\"position\":1,\"name\":\"Portada\",\"item\":\"https:\\\/\\\/eltermometro.mx\\\/\"},{\"@type\":\"ListItem\",\"position\":2,\"name\":\"Aclara diputada Ang que \u201colvid\u00f3\u201d dinero en su veh\u00edculo\"}]},{\"@type\":\"WebSite\",\"@id\":\"https:\\\/\\\/eltermometro.mx\\\/#website\",\"url\":\"https:\\\/\\\/eltermometro.mx\\\/\",\"name\":\"El Tem\u00f3metro de la Noticia\",\"description\":\"\",\"publisher\":{\"@id\":\"https:\\\/\\\/eltermometro.mx\\\/#organization\"},\"potentialAction\":[{\"@type\":\"SearchAction\",\"target\":{\"@type\":\"EntryPoint\",\"urlTemplate\":\"https:\\\/\\\/eltermometro.mx\\\/?s={search_term_string}\"},\"query-input\":{\"@type\":\"PropertyValueSpecification\",\"valueRequired\":true,\"valueName\":\"search_term_string\"}}],\"inLanguage\":\"es\"},{\"@type\":\"Organization\",\"@id\":\"https:\\\/\\\/eltermometro.mx\\\/#organization\",\"name\":\"El Tem\u00f3metro de la Noticia\",\"url\":\"https:\\\/\\\/eltermometro.mx\\\/\",\"logo\":{\"@type\":\"ImageObject\",\"inLanguage\":\"es\",\"@id\":\"https:\\\/\\\/eltermometro.mx\\\/#\\\/schema\\\/logo\\\/image\\\/\",\"url\":\"https:\\\/\\\/eltermometro.mx\\\/wp-content\\\/uploads\\\/2024\\\/09\\\/cropped-logo-ok.png\",\"contentUrl\":\"https:\\\/\\\/eltermometro.mx\\\/wp-content\\\/uploads\\\/2024\\\/09\\\/cropped-logo-ok.png\",\"width\":800,\"height\":224,\"caption\":\"El Tem\u00f3metro de la Noticia\"},\"image\":{\"@id\":\"https:\\\/\\\/eltermometro.mx\\\/#\\\/schema\\\/logo\\\/image\\\/\"},\"sameAs\":[\"https:\\\/\\\/www.facebook.com\\\/eltermometrodelanoticia.mx\\\/\"]},{\"@type\":\"Person\",\"@id\":\"https:\\\/\\\/eltermometro.mx\\\/#\\\/schema\\\/person\\\/639e7bbb8ebc8278e3840b35c51713e0\",\"name\":\"Staff El Term\u00f3metro de la Noticia\",\"url\":\"https:\\\/\\\/eltermometro.mx\\\/index.php\\\/author\\\/staff\\\/\"}]}<\/script>\n<!-- \/ Yoast SEO plugin. -->","yoast_head_json":{"title":"Aclara diputada Ang que \u201colvid\u00f3\u201d dinero en su veh\u00edculo - El Term\u00f3metro de la Noticia","robots":{"index":"index","follow":"follow","max-snippet":"max-snippet:-1","max-image-preview":"max-image-preview:large","max-video-preview":"max-video-preview:-1"},"canonical":"https:\/\/eltermometro.mx\/index.php\/2026\/01\/07\/aclara-diputada-ang-que-olvido-dinero-en-su-vehiculo\/","og_locale":"es_ES","og_type":"article","og_title":"Aclara diputada Ang que \u201colvid\u00f3\u201d dinero en su veh\u00edculo - El Term\u00f3metro de la Noticia","og_description":"Despu\u00e9s de que trascendiera en redes sociales la retenci\u00f3n por parte de personal de aduanas de Estados Unidos a la diputada por Morena, Alejandra Mar\u00eda Ang Hern\u00e1ndez, la legisladora emiti\u00f3 una explicaci\u00f3n. La tarde de este lunes, la tambi\u00e9n presidenta de la Comisi\u00f3n de Fiscalizaci\u00f3n del Gasto P\u00fablico de la XXV Legislatura del estado, fue [&hellip;]","og_url":"https:\/\/eltermometro.mx\/index.php\/2026\/01\/07\/aclara-diputada-ang-que-olvido-dinero-en-su-vehiculo\/","og_site_name":"El Term\u00f3metro de la Noticia","article_publisher":"https:\/\/www.facebook.com\/eltermometrodelanoticia.mx\/","article_published_time":"2026-01-07T22:47:56+00:00","article_modified_time":"2026-01-07T22:47:58+00:00","og_image":[{"width":1067,"height":665,"url":"https:\/\/eltermometro.mx\/wp-content\/uploads\/2026\/01\/WhatsApp-Image-2026-01-06-at-20.05.21.jpeg","type":"image\/jpeg"}],"author":"Staff El Term\u00f3metro de la Noticia","twitter_card":"summary_large_image","twitter_misc":{"Escrito por":"Staff El Term\u00f3metro de la Noticia","Tiempo de lectura":"2 minutos"},"schema":{"@context":"https:\/\/schema.org","@graph":[{"@type":"Article","@id":"https:\/\/eltermometro.mx\/index.php\/2026\/01\/07\/aclara-diputada-ang-que-olvido-dinero-en-su-vehiculo\/#article","isPartOf":{"@id":"https:\/\/eltermometro.mx\/index.php\/2026\/01\/07\/aclara-diputada-ang-que-olvido-dinero-en-su-vehiculo\/"},"author":{"name":"Staff El Term\u00f3metro de la Noticia","@id":"https:\/\/eltermometro.mx\/#\/schema\/person\/639e7bbb8ebc8278e3840b35c51713e0"},"headline":"Aclara diputada Ang que \u201colvid\u00f3\u201d dinero en su veh\u00edculo","datePublished":"2026-01-07T22:47:56+00:00","dateModified":"2026-01-07T22:47:58+00:00","mainEntityOfPage":{"@id":"https:\/\/eltermometro.mx\/index.php\/2026\/01\/07\/aclara-diputada-ang-que-olvido-dinero-en-su-vehiculo\/"},"wordCount":294,"publisher":{"@id":"https:\/\/eltermometro.mx\/#organization"},"image":{"@id":"https:\/\/eltermometro.mx\/index.php\/2026\/01\/07\/aclara-diputada-ang-que-olvido-dinero-en-su-vehiculo\/#primaryimage"},"thumbnailUrl":"https:\/\/eltermometro.mx\/wp-content\/uploads\/2026\/01\/WhatsApp-Image-2026-01-06-at-20.05.21.jpeg","articleSection":["POL\u00cdTICA"],"inLanguage":"es"},{"@type":"WebPage","@id":"https:\/\/eltermometro.mx\/index.php\/2026\/01\/07\/aclara-diputada-ang-que-olvido-dinero-en-su-vehiculo\/","url":"https:\/\/eltermometro.mx\/index.php\/2026\/01\/07\/aclara-diputada-ang-que-olvido-dinero-en-su-vehiculo\/","name":"Aclara diputada Ang que \u201colvid\u00f3\u201d dinero en su veh\u00edculo - El Term\u00f3metro de la Noticia","isPartOf":{"@id":"https:\/\/eltermometro.mx\/#website"},"primaryImageOfPage":{"@id":"https:\/\/eltermometro.mx\/index.php\/2026\/01\/07\/aclara-diputada-ang-que-olvido-dinero-en-su-vehiculo\/#primaryimage"},"image":{"@id":"https:\/\/eltermometro.mx\/index.php\/2026\/01\/07\/aclara-diputada-ang-que-olvido-dinero-en-su-vehiculo\/#primaryimage"},"thumbnailUrl":"https:\/\/eltermometro.mx\/wp-content\/uploads\/2026\/01\/WhatsApp-Image-2026-01-06-at-20.05.21.jpeg","datePublished":"2026-01-07T22:47:56+00:00","dateModified":"2026-01-07T22:47:58+00:00","breadcrumb":{"@id":"https:\/\/eltermometro.mx\/index.php\/2026\/01\/07\/aclara-diputada-ang-que-olvido-dinero-en-su-vehiculo\/#breadcrumb"},"inLanguage":"es","potentialAction":[{"@type":"ReadAction","target":["https:\/\/eltermometro.mx\/index.php\/2026\/01\/07\/aclara-diputada-ang-que-olvido-dinero-en-su-vehiculo\/"]}]},{"@type":"ImageObject","inLanguage":"es","@id":"https:\/\/eltermometro.mx\/index.php\/2026\/01\/07\/aclara-diputada-ang-que-olvido-dinero-en-su-vehiculo\/#primaryimage","url":"https:\/\/eltermometro.mx\/wp-content\/uploads\/2026\/01\/WhatsApp-Image-2026-01-06-at-20.05.21.jpeg","contentUrl":"https:\/\/eltermometro.mx\/wp-content\/uploads\/2026\/01\/WhatsApp-Image-2026-01-06-at-20.05.21.jpeg","width":1067,"height":665},{"@type":"BreadcrumbList","@id":"https:\/\/eltermometro.mx\/index.php\/2026\/01\/07\/aclara-diputada-ang-que-olvido-dinero-en-su-vehiculo\/#breadcrumb","itemListElement":[{"@type":"ListItem","position":1,"name":"Portada","item":"https:\/\/eltermometro.mx\/"},{"@type":"ListItem","position":2,"name":"Aclara diputada Ang que \u201colvid\u00f3\u201d dinero en su veh\u00edculo"}]},{"@type":"WebSite","@id":"https:\/\/eltermometro.mx\/#website","url":"https:\/\/eltermometro.mx\/","name":"El Tem\u00f3metro de la Noticia","description":"","publisher":{"@id":"https:\/\/eltermometro.mx\/#organization"},"potentialAction":[{"@type":"SearchAction","target":{"@type":"EntryPoint","urlTemplate":"https:\/\/eltermometro.mx\/?s={search_term_string}"},"query-input":{"@type":"PropertyValueSpecification","valueRequired":true,"valueName":"search_term_string"}}],"inLanguage":"es"},{"@type":"Organization","@id":"https:\/\/eltermometro.mx\/#organization","name":"El Tem\u00f3metro de la Noticia","url":"https:\/\/eltermometro.mx\/","logo":{"@type":"ImageObject","inLanguage":"es","@id":"https:\/\/eltermometro.mx\/#\/schema\/logo\/image\/","url":"https:\/\/eltermometro.mx\/wp-content\/uploads\/2024\/09\/cropped-logo-ok.png","contentUrl":"https:\/\/eltermometro.mx\/wp-content\/uploads\/2024\/09\/cropped-logo-ok.png","width":800,"height":224,"caption":"El Tem\u00f3metro de la Noticia"},"image":{"@id":"https:\/\/eltermometro.mx\/#\/schema\/logo\/image\/"},"sameAs":["https:\/\/www.facebook.com\/eltermometrodelanoticia.mx\/"]},{"@type":"Person","@id":"https:\/\/eltermometro.mx\/#\/schema\/person\/639e7bbb8ebc8278e3840b35c51713e0","name":"Staff El Term\u00f3metro de la Noticia","url":"https:\/\/eltermometro.mx\/index.php\/author\/staff\/"}]}},"_links":{"self":[{"href":"https:\/\/eltermometro.mx\/index.php\/wp-json\/wp\/v2\/posts\/7785","targetHints":{"allow":["GET"]}}],"collection":[{"href":"https:\/\/eltermometro.mx\/index.php\/wp-json\/wp\/v2\/posts"}],"about":[{"href":"https:\/\/eltermometro.mx\/index.php\/wp-json\/wp\/v2\/types\/post"}],"author":[{"embeddable":true,"href":"https:\/\/eltermometro.mx\/index.php\/wp-json\/wp\/v2\/users\/2"}],"replies":[{"embeddable":true,"href":"https:\/\/eltermometro.mx\/index.php\/wp-json\/wp\/v2\/comments?post=7785"}],"version-history":[{"count":1,"href":"https:\/\/eltermometro.mx\/index.php\/wp-json\/wp\/v2\/posts\/7785\/revisions"}],"predecessor-version":[{"id":7786,"href":"https:\/\/eltermometro.mx\/index.php\/wp-json\/wp\/v2\/posts\/7785\/revisions\/7786"}],"wp:featuredmedia":[{"embeddable":true,"href":"https:\/\/eltermometro.mx\/index.php\/wp-json\/wp\/v2\/media\/7782"}],"wp:attachment":[{"href":"https:\/\/eltermometro.mx\/index.php\/wp-json\/wp\/v2\/media?parent=7785"}],"wp:term":[{"taxonomy":"category","embeddable":true,"href":"https:\/\/eltermometro.mx\/index.php\/wp-json\/wp\/v2\/categories?post=7785"},{"taxonomy":"post_tag","embeddable":true,"href":"https:\/\/eltermometro.mx\/index.php\/wp-json\/wp\/v2\/tags?post=7785"}],"curies":[{"name":"wp","href":"https:\/\/api.w.org\/{rel}","templated":true}]}}