{"id":7787,"date":"2026-01-07T14:49:38","date_gmt":"2026-01-07T22:49:38","guid":{"rendered":"https:\/\/eltermometro.mx\/?p=7787"},"modified":"2026-01-07T14:49:43","modified_gmt":"2026-01-07T22:49:43","slug":"invitan-a-cuarto-concurso-estatal-de-ensayo-2025","status":"publish","type":"post","link":"https:\/\/eltermometro.mx\/index.php\/2026\/01\/07\/invitan-a-cuarto-concurso-estatal-de-ensayo-2025\/","title":{"rendered":"Invitan a cuarto concurso estatal de Ensayo 2025"},"content":{"rendered":"\n<p><strong>Este a\u00f1o ser\u00e1 sobre prevenci\u00f3n de la discriminaci\u00f3n y la violencia pol\u00edtica<\/strong><\/p>\n\n\n\n<p>El pr\u00f3ximo 30 de enero de 2026 concluye el periodo de registro para participar en el Cuarto Concurso Estatal de Ensayo 2025, titulado \u201cLa importancia de la prevenci\u00f3n y erradicaci\u00f3n de todo tipo de discriminaci\u00f3n y de violencia pol\u00edtica contra las mujeres en raz\u00f3n de g\u00e9nero y los grupos de atenci\u00f3n prioritaria\u201d, organizado por la Comisi\u00f3n de Igualdad Sustantiva y No Discriminaci\u00f3n del Instituto Estatal Electoral de Baja California.<\/p>\n\n\n\n<p>La consejera electoral y presidenta de la Comisi\u00f3n, Vera Ju\u00e1rez Figueroa, se\u00f1al\u00f3 que este concurso tiene como finalidad fomentar la reflexi\u00f3n y fortalecer la conciencia social sobre la importancia de prevenir y erradicar la violencia pol\u00edtica contra las mujeres, as\u00ed como cualquier forma de discriminaci\u00f3n hacia los grupos de atenci\u00f3n prioritaria.<\/p>\n\n\n\n<p>El concurso, dijo, est\u00e1 dirigido a la ciudadan\u00eda residente en Baja California que cuente con credencial para votar vigente, con el objetivo de incentivar la participaci\u00f3n social y la presentaci\u00f3n de propuestas que contribuyan a un entorno pol\u00edtico m\u00e1s igualitario.<\/p>\n\n\n\n<p>Quienes participen podr\u00e1n elegir entre dos temas: la importancia de prevenir y erradicar la violencia pol\u00edtica contra las mujeres en raz\u00f3n de g\u00e9nero, o la prevenci\u00f3n y erradicaci\u00f3n de la discriminaci\u00f3n y violencia pol\u00edtica hacia personas con discapacidad, integrantes de pueblos ind\u00edgenas o comunidades afromexicanas, juventudes de 18 a 29 a\u00f1os, y personas de la diversidad sexual y de g\u00e9nero.<\/p>\n\n\n\n<p>La presidenta de la Comisi\u00f3n destac\u00f3 que las personas ganadoras obtendr\u00e1n premios econ\u00f3micos de $10,000.00 pesos para el primer lugar y $5,000.00 pesos para el segundo lugar en cada una de las tem\u00e1ticas, adem\u00e1s de un reconocimiento.&nbsp;<\/p>\n\n\n\n<p>Para mayor informaci\u00f3n en cuanto a los requisitos para participar, caracter\u00edsticas de los proyectos, as\u00ed como las etapas del concurso, Ju\u00e1rez Figueroa invit\u00f3 a las personas interesadas a ingresar al portal institucional www.ieebc.mx.<\/p>\n","protected":false},"excerpt":{"rendered":"<p>Este a\u00f1o ser\u00e1 sobre prevenci\u00f3n de la discriminaci\u00f3n y la violencia pol\u00edtica El pr\u00f3ximo 30 de enero de 2026 concluye el periodo de registro para participar en el Cuarto Concurso Estatal de Ensayo 2025, titulado \u201cLa importancia de la prevenci\u00f3n y erradicaci\u00f3n de todo tipo de discriminaci\u00f3n y de violencia pol\u00edtica contra las mujeres en [&hellip;]<\/p>\n","protected":false},"author":2,"featured_media":7781,"comment_status":"closed","ping_status":"closed","sticky":false,"template":"","format":"standard","meta":{"footnotes":""},"categories":[5],"tags":[],"class_list":["post-7787","post","type-post","status-publish","format-standard","has-post-thumbnail","hentry","category-estado"],"yoast_head":"<!-- This site is optimized with the Yoast SEO plugin v27.5 - https:\/\/yoast.com\/product\/yoast-seo-wordpress\/ -->\n<title>Invitan a cuarto concurso estatal de Ensayo 2025 - El Term\u00f3metro de la Noticia<\/title>\n<meta name=\"robots\" content=\"index, follow, max-snippet:-1, max-image-preview:large, max-video-preview:-1\" \/>\n<link rel=\"canonical\" href=\"https:\/\/eltermometro.mx\/index.php\/2026\/01\/07\/invitan-a-cuarto-concurso-estatal-de-ensayo-2025\/\" \/>\n<meta property=\"og:locale\" content=\"es_ES\" \/>\n<meta property=\"og:type\" content=\"article\" \/>\n<meta property=\"og:title\" content=\"Invitan a cuarto concurso estatal de Ensayo 2025 - El Term\u00f3metro de la Noticia\" \/>\n<meta property=\"og:description\" content=\"Este a\u00f1o ser\u00e1 sobre prevenci\u00f3n de la discriminaci\u00f3n y la violencia pol\u00edtica El pr\u00f3ximo 30 de enero de 2026 concluye el periodo de registro para participar en el Cuarto Concurso Estatal de Ensayo 2025, titulado \u201cLa importancia de la prevenci\u00f3n y erradicaci\u00f3n de todo tipo de discriminaci\u00f3n y de violencia pol\u00edtica contra las mujeres en [&hellip;]\" \/>\n<meta property=\"og:url\" content=\"https:\/\/eltermometro.mx\/index.php\/2026\/01\/07\/invitan-a-cuarto-concurso-estatal-de-ensayo-2025\/\" \/>\n<meta property=\"og:site_name\" content=\"El Term\u00f3metro de la Noticia\" \/>\n<meta property=\"article:publisher\" content=\"https:\/\/www.facebook.com\/eltermometrodelanoticia.mx\/\" \/>\n<meta property=\"article:published_time\" content=\"2026-01-07T22:49:38+00:00\" \/>\n<meta property=\"article:modified_time\" content=\"2026-01-07T22:49:43+00:00\" \/>\n<meta property=\"og:image\" content=\"https:\/\/eltermometro.mx\/wp-content\/uploads\/2026\/01\/WhatsApp-Image-2026-01-06-at-20.08.15.jpeg\" \/>\n\t<meta property=\"og:image:width\" content=\"1067\" \/>\n\t<meta property=\"og:image:height\" content=\"665\" \/>\n\t<meta property=\"og:image:type\" content=\"image\/jpeg\" \/>\n<meta name=\"author\" content=\"Staff El Term\u00f3metro de la Noticia\" \/>\n<meta name=\"twitter:card\" content=\"summary_large_image\" \/>\n<meta name=\"twitter:label1\" content=\"Escrito por\" \/>\n\t<meta name=\"twitter:data1\" content=\"Staff El Term\u00f3metro de la Noticia\" \/>\n\t<meta name=\"twitter:label2\" content=\"Tiempo de lectura\" \/>\n\t<meta name=\"twitter:data2\" content=\"2 minutos\" \/>\n<script type=\"application\/ld+json\" class=\"yoast-schema-graph\">{\"@context\":\"https:\\\/\\\/schema.org\",\"@graph\":[{\"@type\":\"Article\",\"@id\":\"https:\\\/\\\/eltermometro.mx\\\/index.php\\\/2026\\\/01\\\/07\\\/invitan-a-cuarto-concurso-estatal-de-ensayo-2025\\\/#article\",\"isPartOf\":{\"@id\":\"https:\\\/\\\/eltermometro.mx\\\/index.php\\\/2026\\\/01\\\/07\\\/invitan-a-cuarto-concurso-estatal-de-ensayo-2025\\\/\"},\"author\":{\"name\":\"Staff El Term\u00f3metro de la Noticia\",\"@id\":\"https:\\\/\\\/eltermometro.mx\\\/#\\\/schema\\\/person\\\/639e7bbb8ebc8278e3840b35c51713e0\"},\"headline\":\"Invitan a cuarto concurso estatal de Ensayo 2025\",\"datePublished\":\"2026-01-07T22:49:38+00:00\",\"dateModified\":\"2026-01-07T22:49:43+00:00\",\"mainEntityOfPage\":{\"@id\":\"https:\\\/\\\/eltermometro.mx\\\/index.php\\\/2026\\\/01\\\/07\\\/invitan-a-cuarto-concurso-estatal-de-ensayo-2025\\\/\"},\"wordCount\":350,\"publisher\":{\"@id\":\"https:\\\/\\\/eltermometro.mx\\\/#organization\"},\"image\":{\"@id\":\"https:\\\/\\\/eltermometro.mx\\\/index.php\\\/2026\\\/01\\\/07\\\/invitan-a-cuarto-concurso-estatal-de-ensayo-2025\\\/#primaryimage\"},\"thumbnailUrl\":\"https:\\\/\\\/eltermometro.mx\\\/wp-content\\\/uploads\\\/2026\\\/01\\\/WhatsApp-Image-2026-01-06-at-20.08.15.jpeg\",\"articleSection\":[\"ESTADO\"],\"inLanguage\":\"es\"},{\"@type\":\"WebPage\",\"@id\":\"https:\\\/\\\/eltermometro.mx\\\/index.php\\\/2026\\\/01\\\/07\\\/invitan-a-cuarto-concurso-estatal-de-ensayo-2025\\\/\",\"url\":\"https:\\\/\\\/eltermometro.mx\\\/index.php\\\/2026\\\/01\\\/07\\\/invitan-a-cuarto-concurso-estatal-de-ensayo-2025\\\/\",\"name\":\"Invitan a cuarto concurso estatal de Ensayo 2025 - El Term\u00f3metro de la Noticia\",\"isPartOf\":{\"@id\":\"https:\\\/\\\/eltermometro.mx\\\/#website\"},\"primaryImageOfPage\":{\"@id\":\"https:\\\/\\\/eltermometro.mx\\\/index.php\\\/2026\\\/01\\\/07\\\/invitan-a-cuarto-concurso-estatal-de-ensayo-2025\\\/#primaryimage\"},\"image\":{\"@id\":\"https:\\\/\\\/eltermometro.mx\\\/index.php\\\/2026\\\/01\\\/07\\\/invitan-a-cuarto-concurso-estatal-de-ensayo-2025\\\/#primaryimage\"},\"thumbnailUrl\":\"https:\\\/\\\/eltermometro.mx\\\/wp-content\\\/uploads\\\/2026\\\/01\\\/WhatsApp-Image-2026-01-06-at-20.08.15.jpeg\",\"datePublished\":\"2026-01-07T22:49:38+00:00\",\"dateModified\":\"2026-01-07T22:49:43+00:00\",\"breadcrumb\":{\"@id\":\"https:\\\/\\\/eltermometro.mx\\\/index.php\\\/2026\\\/01\\\/07\\\/invitan-a-cuarto-concurso-estatal-de-ensayo-2025\\\/#breadcrumb\"},\"inLanguage\":\"es\",\"potentialAction\":[{\"@type\":\"ReadAction\",\"target\":[\"https:\\\/\\\/eltermometro.mx\\\/index.php\\\/2026\\\/01\\\/07\\\/invitan-a-cuarto-concurso-estatal-de-ensayo-2025\\\/\"]}]},{\"@type\":\"ImageObject\",\"inLanguage\":\"es\",\"@id\":\"https:\\\/\\\/eltermometro.mx\\\/index.php\\\/2026\\\/01\\\/07\\\/invitan-a-cuarto-concurso-estatal-de-ensayo-2025\\\/#primaryimage\",\"url\":\"https:\\\/\\\/eltermometro.mx\\\/wp-content\\\/uploads\\\/2026\\\/01\\\/WhatsApp-Image-2026-01-06-at-20.08.15.jpeg\",\"contentUrl\":\"https:\\\/\\\/eltermometro.mx\\\/wp-content\\\/uploads\\\/2026\\\/01\\\/WhatsApp-Image-2026-01-06-at-20.08.15.jpeg\",\"width\":1067,\"height\":665},{\"@type\":\"BreadcrumbList\",\"@id\":\"https:\\\/\\\/eltermometro.mx\\\/index.php\\\/2026\\\/01\\\/07\\\/invitan-a-cuarto-concurso-estatal-de-ensayo-2025\\\/#breadcrumb\",\"itemListElement\":[{\"@type\":\"ListItem\",\"position\":1,\"name\":\"Portada\",\"item\":\"https:\\\/\\\/eltermometro.mx\\\/\"},{\"@type\":\"ListItem\",\"position\":2,\"name\":\"Invitan a cuarto concurso estatal de Ensayo 2025\"}]},{\"@type\":\"WebSite\",\"@id\":\"https:\\\/\\\/eltermometro.mx\\\/#website\",\"url\":\"https:\\\/\\\/eltermometro.mx\\\/\",\"name\":\"El Tem\u00f3metro de la Noticia\",\"description\":\"\",\"publisher\":{\"@id\":\"https:\\\/\\\/eltermometro.mx\\\/#organization\"},\"potentialAction\":[{\"@type\":\"SearchAction\",\"target\":{\"@type\":\"EntryPoint\",\"urlTemplate\":\"https:\\\/\\\/eltermometro.mx\\\/?s={search_term_string}\"},\"query-input\":{\"@type\":\"PropertyValueSpecification\",\"valueRequired\":true,\"valueName\":\"search_term_string\"}}],\"inLanguage\":\"es\"},{\"@type\":\"Organization\",\"@id\":\"https:\\\/\\\/eltermometro.mx\\\/#organization\",\"name\":\"El Tem\u00f3metro de la Noticia\",\"url\":\"https:\\\/\\\/eltermometro.mx\\\/\",\"logo\":{\"@type\":\"ImageObject\",\"inLanguage\":\"es\",\"@id\":\"https:\\\/\\\/eltermometro.mx\\\/#\\\/schema\\\/logo\\\/image\\\/\",\"url\":\"https:\\\/\\\/eltermometro.mx\\\/wp-content\\\/uploads\\\/2024\\\/09\\\/cropped-logo-ok.png\",\"contentUrl\":\"https:\\\/\\\/eltermometro.mx\\\/wp-content\\\/uploads\\\/2024\\\/09\\\/cropped-logo-ok.png\",\"width\":800,\"height\":224,\"caption\":\"El Tem\u00f3metro de la Noticia\"},\"image\":{\"@id\":\"https:\\\/\\\/eltermometro.mx\\\/#\\\/schema\\\/logo\\\/image\\\/\"},\"sameAs\":[\"https:\\\/\\\/www.facebook.com\\\/eltermometrodelanoticia.mx\\\/\"]},{\"@type\":\"Person\",\"@id\":\"https:\\\/\\\/eltermometro.mx\\\/#\\\/schema\\\/person\\\/639e7bbb8ebc8278e3840b35c51713e0\",\"name\":\"Staff El Term\u00f3metro de la Noticia\",\"url\":\"https:\\\/\\\/eltermometro.mx\\\/index.php\\\/author\\\/staff\\\/\"}]}<\/script>\n<!-- \/ Yoast SEO plugin. -->","yoast_head_json":{"title":"Invitan a cuarto concurso estatal de Ensayo 2025 - El Term\u00f3metro de la Noticia","robots":{"index":"index","follow":"follow","max-snippet":"max-snippet:-1","max-image-preview":"max-image-preview:large","max-video-preview":"max-video-preview:-1"},"canonical":"https:\/\/eltermometro.mx\/index.php\/2026\/01\/07\/invitan-a-cuarto-concurso-estatal-de-ensayo-2025\/","og_locale":"es_ES","og_type":"article","og_title":"Invitan a cuarto concurso estatal de Ensayo 2025 - El Term\u00f3metro de la Noticia","og_description":"Este a\u00f1o ser\u00e1 sobre prevenci\u00f3n de la discriminaci\u00f3n y la violencia pol\u00edtica El pr\u00f3ximo 30 de enero de 2026 concluye el periodo de registro para participar en el Cuarto Concurso Estatal de Ensayo 2025, titulado \u201cLa importancia de la prevenci\u00f3n y erradicaci\u00f3n de todo tipo de discriminaci\u00f3n y de violencia pol\u00edtica contra las mujeres en [&hellip;]","og_url":"https:\/\/eltermometro.mx\/index.php\/2026\/01\/07\/invitan-a-cuarto-concurso-estatal-de-ensayo-2025\/","og_site_name":"El Term\u00f3metro de la Noticia","article_publisher":"https:\/\/www.facebook.com\/eltermometrodelanoticia.mx\/","article_published_time":"2026-01-07T22:49:38+00:00","article_modified_time":"2026-01-07T22:49:43+00:00","og_image":[{"width":1067,"height":665,"url":"https:\/\/eltermometro.mx\/wp-content\/uploads\/2026\/01\/WhatsApp-Image-2026-01-06-at-20.08.15.jpeg","type":"image\/jpeg"}],"author":"Staff El Term\u00f3metro de la Noticia","twitter_card":"summary_large_image","twitter_misc":{"Escrito por":"Staff El Term\u00f3metro de la Noticia","Tiempo de lectura":"2 minutos"},"schema":{"@context":"https:\/\/schema.org","@graph":[{"@type":"Article","@id":"https:\/\/eltermometro.mx\/index.php\/2026\/01\/07\/invitan-a-cuarto-concurso-estatal-de-ensayo-2025\/#article","isPartOf":{"@id":"https:\/\/eltermometro.mx\/index.php\/2026\/01\/07\/invitan-a-cuarto-concurso-estatal-de-ensayo-2025\/"},"author":{"name":"Staff El Term\u00f3metro de la Noticia","@id":"https:\/\/eltermometro.mx\/#\/schema\/person\/639e7bbb8ebc8278e3840b35c51713e0"},"headline":"Invitan a cuarto concurso estatal de Ensayo 2025","datePublished":"2026-01-07T22:49:38+00:00","dateModified":"2026-01-07T22:49:43+00:00","mainEntityOfPage":{"@id":"https:\/\/eltermometro.mx\/index.php\/2026\/01\/07\/invitan-a-cuarto-concurso-estatal-de-ensayo-2025\/"},"wordCount":350,"publisher":{"@id":"https:\/\/eltermometro.mx\/#organization"},"image":{"@id":"https:\/\/eltermometro.mx\/index.php\/2026\/01\/07\/invitan-a-cuarto-concurso-estatal-de-ensayo-2025\/#primaryimage"},"thumbnailUrl":"https:\/\/eltermometro.mx\/wp-content\/uploads\/2026\/01\/WhatsApp-Image-2026-01-06-at-20.08.15.jpeg","articleSection":["ESTADO"],"inLanguage":"es"},{"@type":"WebPage","@id":"https:\/\/eltermometro.mx\/index.php\/2026\/01\/07\/invitan-a-cuarto-concurso-estatal-de-ensayo-2025\/","url":"https:\/\/eltermometro.mx\/index.php\/2026\/01\/07\/invitan-a-cuarto-concurso-estatal-de-ensayo-2025\/","name":"Invitan a cuarto concurso estatal de Ensayo 2025 - El Term\u00f3metro de la Noticia","isPartOf":{"@id":"https:\/\/eltermometro.mx\/#website"},"primaryImageOfPage":{"@id":"https:\/\/eltermometro.mx\/index.php\/2026\/01\/07\/invitan-a-cuarto-concurso-estatal-de-ensayo-2025\/#primaryimage"},"image":{"@id":"https:\/\/eltermometro.mx\/index.php\/2026\/01\/07\/invitan-a-cuarto-concurso-estatal-de-ensayo-2025\/#primaryimage"},"thumbnailUrl":"https:\/\/eltermometro.mx\/wp-content\/uploads\/2026\/01\/WhatsApp-Image-2026-01-06-at-20.08.15.jpeg","datePublished":"2026-01-07T22:49:38+00:00","dateModified":"2026-01-07T22:49:43+00:00","breadcrumb":{"@id":"https:\/\/eltermometro.mx\/index.php\/2026\/01\/07\/invitan-a-cuarto-concurso-estatal-de-ensayo-2025\/#breadcrumb"},"inLanguage":"es","potentialAction":[{"@type":"ReadAction","target":["https:\/\/eltermometro.mx\/index.php\/2026\/01\/07\/invitan-a-cuarto-concurso-estatal-de-ensayo-2025\/"]}]},{"@type":"ImageObject","inLanguage":"es","@id":"https:\/\/eltermometro.mx\/index.php\/2026\/01\/07\/invitan-a-cuarto-concurso-estatal-de-ensayo-2025\/#primaryimage","url":"https:\/\/eltermometro.mx\/wp-content\/uploads\/2026\/01\/WhatsApp-Image-2026-01-06-at-20.08.15.jpeg","contentUrl":"https:\/\/eltermometro.mx\/wp-content\/uploads\/2026\/01\/WhatsApp-Image-2026-01-06-at-20.08.15.jpeg","width":1067,"height":665},{"@type":"BreadcrumbList","@id":"https:\/\/eltermometro.mx\/index.php\/2026\/01\/07\/invitan-a-cuarto-concurso-estatal-de-ensayo-2025\/#breadcrumb","itemListElement":[{"@type":"ListItem","position":1,"name":"Portada","item":"https:\/\/eltermometro.mx\/"},{"@type":"ListItem","position":2,"name":"Invitan a cuarto concurso estatal de Ensayo 2025"}]},{"@type":"WebSite","@id":"https:\/\/eltermometro.mx\/#website","url":"https:\/\/eltermometro.mx\/","name":"El Tem\u00f3metro de la Noticia","description":"","publisher":{"@id":"https:\/\/eltermometro.mx\/#organization"},"potentialAction":[{"@type":"SearchAction","target":{"@type":"EntryPoint","urlTemplate":"https:\/\/eltermometro.mx\/?s={search_term_string}"},"query-input":{"@type":"PropertyValueSpecification","valueRequired":true,"valueName":"search_term_string"}}],"inLanguage":"es"},{"@type":"Organization","@id":"https:\/\/eltermometro.mx\/#organization","name":"El Tem\u00f3metro de la Noticia","url":"https:\/\/eltermometro.mx\/","logo":{"@type":"ImageObject","inLanguage":"es","@id":"https:\/\/eltermometro.mx\/#\/schema\/logo\/image\/","url":"https:\/\/eltermometro.mx\/wp-content\/uploads\/2024\/09\/cropped-logo-ok.png","contentUrl":"https:\/\/eltermometro.mx\/wp-content\/uploads\/2024\/09\/cropped-logo-ok.png","width":800,"height":224,"caption":"El Tem\u00f3metro de la Noticia"},"image":{"@id":"https:\/\/eltermometro.mx\/#\/schema\/logo\/image\/"},"sameAs":["https:\/\/www.facebook.com\/eltermometrodelanoticia.mx\/"]},{"@type":"Person","@id":"https:\/\/eltermometro.mx\/#\/schema\/person\/639e7bbb8ebc8278e3840b35c51713e0","name":"Staff El Term\u00f3metro de la Noticia","url":"https:\/\/eltermometro.mx\/index.php\/author\/staff\/"}]}},"_links":{"self":[{"href":"https:\/\/eltermometro.mx\/index.php\/wp-json\/wp\/v2\/posts\/7787","targetHints":{"allow":["GET"]}}],"collection":[{"href":"https:\/\/eltermometro.mx\/index.php\/wp-json\/wp\/v2\/posts"}],"about":[{"href":"https:\/\/eltermometro.mx\/index.php\/wp-json\/wp\/v2\/types\/post"}],"author":[{"embeddable":true,"href":"https:\/\/eltermometro.mx\/index.php\/wp-json\/wp\/v2\/users\/2"}],"replies":[{"embeddable":true,"href":"https:\/\/eltermometro.mx\/index.php\/wp-json\/wp\/v2\/comments?post=7787"}],"version-history":[{"count":1,"href":"https:\/\/eltermometro.mx\/index.php\/wp-json\/wp\/v2\/posts\/7787\/revisions"}],"predecessor-version":[{"id":7788,"href":"https:\/\/eltermometro.mx\/index.php\/wp-json\/wp\/v2\/posts\/7787\/revisions\/7788"}],"wp:featuredmedia":[{"embeddable":true,"href":"https:\/\/eltermometro.mx\/index.php\/wp-json\/wp\/v2\/media\/7781"}],"wp:attachment":[{"href":"https:\/\/eltermometro.mx\/index.php\/wp-json\/wp\/v2\/media?parent=7787"}],"wp:term":[{"taxonomy":"category","embeddable":true,"href":"https:\/\/eltermometro.mx\/index.php\/wp-json\/wp\/v2\/categories?post=7787"},{"taxonomy":"post_tag","embeddable":true,"href":"https:\/\/eltermometro.mx\/index.php\/wp-json\/wp\/v2\/tags?post=7787"}],"curies":[{"name":"wp","href":"https:\/\/api.w.org\/{rel}","templated":true}]}}