{"id":7789,"date":"2026-01-07T14:51:16","date_gmt":"2026-01-07T22:51:16","guid":{"rendered":"https:\/\/eltermometro.mx\/?p=7789"},"modified":"2026-01-07T14:51:20","modified_gmt":"2026-01-07T22:51:20","slug":"aplican-750-mil-dosis-de-vacunacion-invernal-en-bc","status":"publish","type":"post","link":"https:\/\/eltermometro.mx\/index.php\/2026\/01\/07\/aplican-750-mil-dosis-de-vacunacion-invernal-en-bc\/","title":{"rendered":"Aplican 750 mil dosis de vacunaci\u00f3n invernal en BC"},"content":{"rendered":"\n<p class=\"has-medium-font-size\"><strong>Las vacunas se encuentran disponibles de manera gratuita en todas las instituciones del sector p\u00fablico<\/strong><\/p>\n\n\n\n<p>La Secretar\u00eda de Salud de Baja California informa que contin\u00faa la Campa\u00f1a de Vacunaci\u00f3n Invernal, mediante la aplicaci\u00f3n de vacunas contra Influenza estacional, COVID-19 y Neumococo, con el objetivo de prevenir enfermedades respiratorias y proteger la salud de la poblaci\u00f3n, especialmente los grupos vulnerables.<\/p>\n\n\n\n<p>El Secretario de Salud, Adri\u00e1n Medina Amarillas, destac\u00f3 que a la fecha se han aplicado cerca de 750 mil dosis de vacunas en todo el estado, lo que refleja el compromiso de la ciudadan\u00eda con el cuidado de la salud y la prevenci\u00f3n de complicaciones graves asociadas a infecciones respiratorias.<\/p>\n\n\n\n<p>\u201cEn total se han aplicado 749 mil 106 vacunas de temporada invernal, de las cuales 597 mil 335 son vacunas anti Influenza, 98 mil 236 contra COVID y 53 mil 535 vacunas contra Neumococo\u201d, a\u00f1adi\u00f3.<\/p>\n\n\n\n<p>Subray\u00f3 que estas acciones est\u00e1n enfocadas en proteger a los grupos m\u00e1s vulnerables, como ni\u00f1as y ni\u00f1os, personas adultas mayores, mujeres embarazadas y personas con enfermedades cr\u00f3nicas, entre ellas diabetes, hipertensi\u00f3n, obesidad y padecimientos respiratorios.<\/p>\n\n\n\n<p>Record\u00f3 que la vacuna contra la Influenza est\u00e1 dirigida a ni\u00f1as y ni\u00f1os de 6 a 59 meses de edad, adultos mayores de 60 a\u00f1os, personal de salud, mujeres embarazadas y personas de 5 a 59 a\u00f1os que presenten alguna comorbilidad.<\/p>\n\n\n\n<p>En cuanto a la vacunaci\u00f3n contra COVID-19, se prioriza a personas adultas mayores y a quienes padecen enfermedades cr\u00f3nicas que incrementan el riesgo de complicaciones por infecciones respiratorias.<\/p>\n\n\n\n<p>Asimismo, la vacuna contra el Neumococo se aplica a beb\u00e9s, ni\u00f1as y ni\u00f1os peque\u00f1os, personas adultas mayores y a quienes presentan condiciones m\u00e9dicas que los hacen m\u00e1s propensos a desarrollar infecciones pulmonares.<\/p>\n\n\n\n<p>Medina Amarillas resalt\u00f3 que la vacunaci\u00f3n es una de las medidas m\u00e1s efectivas para prevenir enfermedades graves, reducir hospitalizaciones y fortalecer lainmunidad colectiva, por lo que hizo un llamado a la poblaci\u00f3n a acudir a vacunarse conforme a los grupos de edad y factores de riesgo establecidos.<\/p>\n\n\n\n<p>Finalmente, se invita a la ciudadan\u00eda a seguir protegiendo a quienes m\u00e1s lo necesitan, acudiendo a su unidad de salud m\u00e1s cercana, donde las vacunas se encuentran disponibles de manera gratuita en todas las instituciones del sector p\u00fablico.<\/p>\n","protected":false},"excerpt":{"rendered":"<p>Las vacunas se encuentran disponibles de manera gratuita en todas las instituciones del sector p\u00fablico La Secretar\u00eda de Salud de Baja California informa que contin\u00faa la Campa\u00f1a de Vacunaci\u00f3n Invernal, mediante la aplicaci\u00f3n de vacunas contra Influenza estacional, COVID-19 y Neumococo, con el objetivo de prevenir enfermedades respiratorias y proteger la salud de la poblaci\u00f3n, [&hellip;]<\/p>\n","protected":false},"author":2,"featured_media":7780,"comment_status":"closed","ping_status":"closed","sticky":false,"template":"","format":"standard","meta":{"footnotes":""},"categories":[5],"tags":[],"class_list":["post-7789","post","type-post","status-publish","format-standard","has-post-thumbnail","hentry","category-estado"],"yoast_head":"<!-- This site is optimized with the Yoast SEO plugin v27.5 - https:\/\/yoast.com\/product\/yoast-seo-wordpress\/ -->\n<title>Aplican 750 mil dosis de vacunaci\u00f3n invernal en BC - El Term\u00f3metro de la Noticia<\/title>\n<meta name=\"robots\" content=\"index, follow, max-snippet:-1, max-image-preview:large, max-video-preview:-1\" \/>\n<link rel=\"canonical\" href=\"https:\/\/eltermometro.mx\/index.php\/2026\/01\/07\/aplican-750-mil-dosis-de-vacunacion-invernal-en-bc\/\" \/>\n<meta property=\"og:locale\" content=\"es_ES\" \/>\n<meta property=\"og:type\" content=\"article\" \/>\n<meta property=\"og:title\" content=\"Aplican 750 mil dosis de vacunaci\u00f3n invernal en BC - El Term\u00f3metro de la Noticia\" \/>\n<meta property=\"og:description\" content=\"Las vacunas se encuentran disponibles de manera gratuita en todas las instituciones del sector p\u00fablico La Secretar\u00eda de Salud de Baja California informa que contin\u00faa la Campa\u00f1a de Vacunaci\u00f3n Invernal, mediante la aplicaci\u00f3n de vacunas contra Influenza estacional, COVID-19 y Neumococo, con el objetivo de prevenir enfermedades respiratorias y proteger la salud de la poblaci\u00f3n, [&hellip;]\" \/>\n<meta property=\"og:url\" content=\"https:\/\/eltermometro.mx\/index.php\/2026\/01\/07\/aplican-750-mil-dosis-de-vacunacion-invernal-en-bc\/\" \/>\n<meta property=\"og:site_name\" content=\"El Term\u00f3metro de la Noticia\" \/>\n<meta property=\"article:publisher\" content=\"https:\/\/www.facebook.com\/eltermometrodelanoticia.mx\/\" \/>\n<meta property=\"article:published_time\" content=\"2026-01-07T22:51:16+00:00\" \/>\n<meta property=\"article:modified_time\" content=\"2026-01-07T22:51:20+00:00\" \/>\n<meta property=\"og:image\" content=\"https:\/\/eltermometro.mx\/wp-content\/uploads\/2026\/01\/WhatsApp-Image-2026-01-06-at-20.09.46.jpeg\" \/>\n\t<meta property=\"og:image:width\" content=\"1067\" \/>\n\t<meta property=\"og:image:height\" content=\"665\" \/>\n\t<meta property=\"og:image:type\" content=\"image\/jpeg\" \/>\n<meta name=\"author\" content=\"Staff El Term\u00f3metro de la Noticia\" \/>\n<meta name=\"twitter:card\" content=\"summary_large_image\" \/>\n<meta name=\"twitter:label1\" content=\"Escrito por\" \/>\n\t<meta name=\"twitter:data1\" content=\"Staff El Term\u00f3metro de la Noticia\" \/>\n\t<meta name=\"twitter:label2\" content=\"Tiempo de lectura\" \/>\n\t<meta name=\"twitter:data2\" content=\"2 minutos\" \/>\n<script type=\"application\/ld+json\" class=\"yoast-schema-graph\">{\"@context\":\"https:\\\/\\\/schema.org\",\"@graph\":[{\"@type\":\"Article\",\"@id\":\"https:\\\/\\\/eltermometro.mx\\\/index.php\\\/2026\\\/01\\\/07\\\/aplican-750-mil-dosis-de-vacunacion-invernal-en-bc\\\/#article\",\"isPartOf\":{\"@id\":\"https:\\\/\\\/eltermometro.mx\\\/index.php\\\/2026\\\/01\\\/07\\\/aplican-750-mil-dosis-de-vacunacion-invernal-en-bc\\\/\"},\"author\":{\"name\":\"Staff El Term\u00f3metro de la Noticia\",\"@id\":\"https:\\\/\\\/eltermometro.mx\\\/#\\\/schema\\\/person\\\/639e7bbb8ebc8278e3840b35c51713e0\"},\"headline\":\"Aplican 750 mil dosis de vacunaci\u00f3n invernal en BC\",\"datePublished\":\"2026-01-07T22:51:16+00:00\",\"dateModified\":\"2026-01-07T22:51:20+00:00\",\"mainEntityOfPage\":{\"@id\":\"https:\\\/\\\/eltermometro.mx\\\/index.php\\\/2026\\\/01\\\/07\\\/aplican-750-mil-dosis-de-vacunacion-invernal-en-bc\\\/\"},\"wordCount\":396,\"publisher\":{\"@id\":\"https:\\\/\\\/eltermometro.mx\\\/#organization\"},\"image\":{\"@id\":\"https:\\\/\\\/eltermometro.mx\\\/index.php\\\/2026\\\/01\\\/07\\\/aplican-750-mil-dosis-de-vacunacion-invernal-en-bc\\\/#primaryimage\"},\"thumbnailUrl\":\"https:\\\/\\\/eltermometro.mx\\\/wp-content\\\/uploads\\\/2026\\\/01\\\/WhatsApp-Image-2026-01-06-at-20.09.46.jpeg\",\"articleSection\":[\"ESTADO\"],\"inLanguage\":\"es\"},{\"@type\":\"WebPage\",\"@id\":\"https:\\\/\\\/eltermometro.mx\\\/index.php\\\/2026\\\/01\\\/07\\\/aplican-750-mil-dosis-de-vacunacion-invernal-en-bc\\\/\",\"url\":\"https:\\\/\\\/eltermometro.mx\\\/index.php\\\/2026\\\/01\\\/07\\\/aplican-750-mil-dosis-de-vacunacion-invernal-en-bc\\\/\",\"name\":\"Aplican 750 mil dosis de vacunaci\u00f3n invernal en BC - El Term\u00f3metro de la Noticia\",\"isPartOf\":{\"@id\":\"https:\\\/\\\/eltermometro.mx\\\/#website\"},\"primaryImageOfPage\":{\"@id\":\"https:\\\/\\\/eltermometro.mx\\\/index.php\\\/2026\\\/01\\\/07\\\/aplican-750-mil-dosis-de-vacunacion-invernal-en-bc\\\/#primaryimage\"},\"image\":{\"@id\":\"https:\\\/\\\/eltermometro.mx\\\/index.php\\\/2026\\\/01\\\/07\\\/aplican-750-mil-dosis-de-vacunacion-invernal-en-bc\\\/#primaryimage\"},\"thumbnailUrl\":\"https:\\\/\\\/eltermometro.mx\\\/wp-content\\\/uploads\\\/2026\\\/01\\\/WhatsApp-Image-2026-01-06-at-20.09.46.jpeg\",\"datePublished\":\"2026-01-07T22:51:16+00:00\",\"dateModified\":\"2026-01-07T22:51:20+00:00\",\"breadcrumb\":{\"@id\":\"https:\\\/\\\/eltermometro.mx\\\/index.php\\\/2026\\\/01\\\/07\\\/aplican-750-mil-dosis-de-vacunacion-invernal-en-bc\\\/#breadcrumb\"},\"inLanguage\":\"es\",\"potentialAction\":[{\"@type\":\"ReadAction\",\"target\":[\"https:\\\/\\\/eltermometro.mx\\\/index.php\\\/2026\\\/01\\\/07\\\/aplican-750-mil-dosis-de-vacunacion-invernal-en-bc\\\/\"]}]},{\"@type\":\"ImageObject\",\"inLanguage\":\"es\",\"@id\":\"https:\\\/\\\/eltermometro.mx\\\/index.php\\\/2026\\\/01\\\/07\\\/aplican-750-mil-dosis-de-vacunacion-invernal-en-bc\\\/#primaryimage\",\"url\":\"https:\\\/\\\/eltermometro.mx\\\/wp-content\\\/uploads\\\/2026\\\/01\\\/WhatsApp-Image-2026-01-06-at-20.09.46.jpeg\",\"contentUrl\":\"https:\\\/\\\/eltermometro.mx\\\/wp-content\\\/uploads\\\/2026\\\/01\\\/WhatsApp-Image-2026-01-06-at-20.09.46.jpeg\",\"width\":1067,\"height\":665},{\"@type\":\"BreadcrumbList\",\"@id\":\"https:\\\/\\\/eltermometro.mx\\\/index.php\\\/2026\\\/01\\\/07\\\/aplican-750-mil-dosis-de-vacunacion-invernal-en-bc\\\/#breadcrumb\",\"itemListElement\":[{\"@type\":\"ListItem\",\"position\":1,\"name\":\"Portada\",\"item\":\"https:\\\/\\\/eltermometro.mx\\\/\"},{\"@type\":\"ListItem\",\"position\":2,\"name\":\"Aplican 750 mil dosis de vacunaci\u00f3n invernal en BC\"}]},{\"@type\":\"WebSite\",\"@id\":\"https:\\\/\\\/eltermometro.mx\\\/#website\",\"url\":\"https:\\\/\\\/eltermometro.mx\\\/\",\"name\":\"El Tem\u00f3metro de la Noticia\",\"description\":\"\",\"publisher\":{\"@id\":\"https:\\\/\\\/eltermometro.mx\\\/#organization\"},\"potentialAction\":[{\"@type\":\"SearchAction\",\"target\":{\"@type\":\"EntryPoint\",\"urlTemplate\":\"https:\\\/\\\/eltermometro.mx\\\/?s={search_term_string}\"},\"query-input\":{\"@type\":\"PropertyValueSpecification\",\"valueRequired\":true,\"valueName\":\"search_term_string\"}}],\"inLanguage\":\"es\"},{\"@type\":\"Organization\",\"@id\":\"https:\\\/\\\/eltermometro.mx\\\/#organization\",\"name\":\"El Tem\u00f3metro de la Noticia\",\"url\":\"https:\\\/\\\/eltermometro.mx\\\/\",\"logo\":{\"@type\":\"ImageObject\",\"inLanguage\":\"es\",\"@id\":\"https:\\\/\\\/eltermometro.mx\\\/#\\\/schema\\\/logo\\\/image\\\/\",\"url\":\"https:\\\/\\\/eltermometro.mx\\\/wp-content\\\/uploads\\\/2024\\\/09\\\/cropped-logo-ok.png\",\"contentUrl\":\"https:\\\/\\\/eltermometro.mx\\\/wp-content\\\/uploads\\\/2024\\\/09\\\/cropped-logo-ok.png\",\"width\":800,\"height\":224,\"caption\":\"El Tem\u00f3metro de la Noticia\"},\"image\":{\"@id\":\"https:\\\/\\\/eltermometro.mx\\\/#\\\/schema\\\/logo\\\/image\\\/\"},\"sameAs\":[\"https:\\\/\\\/www.facebook.com\\\/eltermometrodelanoticia.mx\\\/\"]},{\"@type\":\"Person\",\"@id\":\"https:\\\/\\\/eltermometro.mx\\\/#\\\/schema\\\/person\\\/639e7bbb8ebc8278e3840b35c51713e0\",\"name\":\"Staff El Term\u00f3metro de la Noticia\",\"url\":\"https:\\\/\\\/eltermometro.mx\\\/index.php\\\/author\\\/staff\\\/\"}]}<\/script>\n<!-- \/ Yoast SEO plugin. -->","yoast_head_json":{"title":"Aplican 750 mil dosis de vacunaci\u00f3n invernal en BC - El Term\u00f3metro de la Noticia","robots":{"index":"index","follow":"follow","max-snippet":"max-snippet:-1","max-image-preview":"max-image-preview:large","max-video-preview":"max-video-preview:-1"},"canonical":"https:\/\/eltermometro.mx\/index.php\/2026\/01\/07\/aplican-750-mil-dosis-de-vacunacion-invernal-en-bc\/","og_locale":"es_ES","og_type":"article","og_title":"Aplican 750 mil dosis de vacunaci\u00f3n invernal en BC - El Term\u00f3metro de la Noticia","og_description":"Las vacunas se encuentran disponibles de manera gratuita en todas las instituciones del sector p\u00fablico La Secretar\u00eda de Salud de Baja California informa que contin\u00faa la Campa\u00f1a de Vacunaci\u00f3n Invernal, mediante la aplicaci\u00f3n de vacunas contra Influenza estacional, COVID-19 y Neumococo, con el objetivo de prevenir enfermedades respiratorias y proteger la salud de la poblaci\u00f3n, [&hellip;]","og_url":"https:\/\/eltermometro.mx\/index.php\/2026\/01\/07\/aplican-750-mil-dosis-de-vacunacion-invernal-en-bc\/","og_site_name":"El Term\u00f3metro de la Noticia","article_publisher":"https:\/\/www.facebook.com\/eltermometrodelanoticia.mx\/","article_published_time":"2026-01-07T22:51:16+00:00","article_modified_time":"2026-01-07T22:51:20+00:00","og_image":[{"width":1067,"height":665,"url":"https:\/\/eltermometro.mx\/wp-content\/uploads\/2026\/01\/WhatsApp-Image-2026-01-06-at-20.09.46.jpeg","type":"image\/jpeg"}],"author":"Staff El Term\u00f3metro de la Noticia","twitter_card":"summary_large_image","twitter_misc":{"Escrito por":"Staff El Term\u00f3metro de la Noticia","Tiempo de lectura":"2 minutos"},"schema":{"@context":"https:\/\/schema.org","@graph":[{"@type":"Article","@id":"https:\/\/eltermometro.mx\/index.php\/2026\/01\/07\/aplican-750-mil-dosis-de-vacunacion-invernal-en-bc\/#article","isPartOf":{"@id":"https:\/\/eltermometro.mx\/index.php\/2026\/01\/07\/aplican-750-mil-dosis-de-vacunacion-invernal-en-bc\/"},"author":{"name":"Staff El Term\u00f3metro de la Noticia","@id":"https:\/\/eltermometro.mx\/#\/schema\/person\/639e7bbb8ebc8278e3840b35c51713e0"},"headline":"Aplican 750 mil dosis de vacunaci\u00f3n invernal en BC","datePublished":"2026-01-07T22:51:16+00:00","dateModified":"2026-01-07T22:51:20+00:00","mainEntityOfPage":{"@id":"https:\/\/eltermometro.mx\/index.php\/2026\/01\/07\/aplican-750-mil-dosis-de-vacunacion-invernal-en-bc\/"},"wordCount":396,"publisher":{"@id":"https:\/\/eltermometro.mx\/#organization"},"image":{"@id":"https:\/\/eltermometro.mx\/index.php\/2026\/01\/07\/aplican-750-mil-dosis-de-vacunacion-invernal-en-bc\/#primaryimage"},"thumbnailUrl":"https:\/\/eltermometro.mx\/wp-content\/uploads\/2026\/01\/WhatsApp-Image-2026-01-06-at-20.09.46.jpeg","articleSection":["ESTADO"],"inLanguage":"es"},{"@type":"WebPage","@id":"https:\/\/eltermometro.mx\/index.php\/2026\/01\/07\/aplican-750-mil-dosis-de-vacunacion-invernal-en-bc\/","url":"https:\/\/eltermometro.mx\/index.php\/2026\/01\/07\/aplican-750-mil-dosis-de-vacunacion-invernal-en-bc\/","name":"Aplican 750 mil dosis de vacunaci\u00f3n invernal en BC - El Term\u00f3metro de la Noticia","isPartOf":{"@id":"https:\/\/eltermometro.mx\/#website"},"primaryImageOfPage":{"@id":"https:\/\/eltermometro.mx\/index.php\/2026\/01\/07\/aplican-750-mil-dosis-de-vacunacion-invernal-en-bc\/#primaryimage"},"image":{"@id":"https:\/\/eltermometro.mx\/index.php\/2026\/01\/07\/aplican-750-mil-dosis-de-vacunacion-invernal-en-bc\/#primaryimage"},"thumbnailUrl":"https:\/\/eltermometro.mx\/wp-content\/uploads\/2026\/01\/WhatsApp-Image-2026-01-06-at-20.09.46.jpeg","datePublished":"2026-01-07T22:51:16+00:00","dateModified":"2026-01-07T22:51:20+00:00","breadcrumb":{"@id":"https:\/\/eltermometro.mx\/index.php\/2026\/01\/07\/aplican-750-mil-dosis-de-vacunacion-invernal-en-bc\/#breadcrumb"},"inLanguage":"es","potentialAction":[{"@type":"ReadAction","target":["https:\/\/eltermometro.mx\/index.php\/2026\/01\/07\/aplican-750-mil-dosis-de-vacunacion-invernal-en-bc\/"]}]},{"@type":"ImageObject","inLanguage":"es","@id":"https:\/\/eltermometro.mx\/index.php\/2026\/01\/07\/aplican-750-mil-dosis-de-vacunacion-invernal-en-bc\/#primaryimage","url":"https:\/\/eltermometro.mx\/wp-content\/uploads\/2026\/01\/WhatsApp-Image-2026-01-06-at-20.09.46.jpeg","contentUrl":"https:\/\/eltermometro.mx\/wp-content\/uploads\/2026\/01\/WhatsApp-Image-2026-01-06-at-20.09.46.jpeg","width":1067,"height":665},{"@type":"BreadcrumbList","@id":"https:\/\/eltermometro.mx\/index.php\/2026\/01\/07\/aplican-750-mil-dosis-de-vacunacion-invernal-en-bc\/#breadcrumb","itemListElement":[{"@type":"ListItem","position":1,"name":"Portada","item":"https:\/\/eltermometro.mx\/"},{"@type":"ListItem","position":2,"name":"Aplican 750 mil dosis de vacunaci\u00f3n invernal en BC"}]},{"@type":"WebSite","@id":"https:\/\/eltermometro.mx\/#website","url":"https:\/\/eltermometro.mx\/","name":"El Tem\u00f3metro de la Noticia","description":"","publisher":{"@id":"https:\/\/eltermometro.mx\/#organization"},"potentialAction":[{"@type":"SearchAction","target":{"@type":"EntryPoint","urlTemplate":"https:\/\/eltermometro.mx\/?s={search_term_string}"},"query-input":{"@type":"PropertyValueSpecification","valueRequired":true,"valueName":"search_term_string"}}],"inLanguage":"es"},{"@type":"Organization","@id":"https:\/\/eltermometro.mx\/#organization","name":"El Tem\u00f3metro de la Noticia","url":"https:\/\/eltermometro.mx\/","logo":{"@type":"ImageObject","inLanguage":"es","@id":"https:\/\/eltermometro.mx\/#\/schema\/logo\/image\/","url":"https:\/\/eltermometro.mx\/wp-content\/uploads\/2024\/09\/cropped-logo-ok.png","contentUrl":"https:\/\/eltermometro.mx\/wp-content\/uploads\/2024\/09\/cropped-logo-ok.png","width":800,"height":224,"caption":"El Tem\u00f3metro de la Noticia"},"image":{"@id":"https:\/\/eltermometro.mx\/#\/schema\/logo\/image\/"},"sameAs":["https:\/\/www.facebook.com\/eltermometrodelanoticia.mx\/"]},{"@type":"Person","@id":"https:\/\/eltermometro.mx\/#\/schema\/person\/639e7bbb8ebc8278e3840b35c51713e0","name":"Staff El Term\u00f3metro de la Noticia","url":"https:\/\/eltermometro.mx\/index.php\/author\/staff\/"}]}},"_links":{"self":[{"href":"https:\/\/eltermometro.mx\/index.php\/wp-json\/wp\/v2\/posts\/7789","targetHints":{"allow":["GET"]}}],"collection":[{"href":"https:\/\/eltermometro.mx\/index.php\/wp-json\/wp\/v2\/posts"}],"about":[{"href":"https:\/\/eltermometro.mx\/index.php\/wp-json\/wp\/v2\/types\/post"}],"author":[{"embeddable":true,"href":"https:\/\/eltermometro.mx\/index.php\/wp-json\/wp\/v2\/users\/2"}],"replies":[{"embeddable":true,"href":"https:\/\/eltermometro.mx\/index.php\/wp-json\/wp\/v2\/comments?post=7789"}],"version-history":[{"count":1,"href":"https:\/\/eltermometro.mx\/index.php\/wp-json\/wp\/v2\/posts\/7789\/revisions"}],"predecessor-version":[{"id":7790,"href":"https:\/\/eltermometro.mx\/index.php\/wp-json\/wp\/v2\/posts\/7789\/revisions\/7790"}],"wp:featuredmedia":[{"embeddable":true,"href":"https:\/\/eltermometro.mx\/index.php\/wp-json\/wp\/v2\/media\/7780"}],"wp:attachment":[{"href":"https:\/\/eltermometro.mx\/index.php\/wp-json\/wp\/v2\/media?parent=7789"}],"wp:term":[{"taxonomy":"category","embeddable":true,"href":"https:\/\/eltermometro.mx\/index.php\/wp-json\/wp\/v2\/categories?post=7789"},{"taxonomy":"post_tag","embeddable":true,"href":"https:\/\/eltermometro.mx\/index.php\/wp-json\/wp\/v2\/tags?post=7789"}],"curies":[{"name":"wp","href":"https:\/\/api.w.org\/{rel}","templated":true}]}}