{"id":7791,"date":"2026-01-07T14:53:54","date_gmt":"2026-01-07T22:53:54","guid":{"rendered":"https:\/\/eltermometro.mx\/?p=7791"},"modified":"2026-01-07T14:53:58","modified_gmt":"2026-01-07T22:53:58","slug":"pide-diputada-de-mc-se-retire-de-presidencia-a-la-diputada-alejandra-ang","status":"publish","type":"post","link":"https:\/\/eltermometro.mx\/index.php\/2026\/01\/07\/pide-diputada-de-mc-se-retire-de-presidencia-a-la-diputada-alejandra-ang\/","title":{"rendered":"Pide diputada de MC se retire de presidencia a la diputada Alejandra Ang"},"content":{"rendered":"\n<p>Se dio a conocer p\u00fablicamente que la diputada Alejandra Ang fue objeto de una revisi\u00f3n por autoridades en la garita de Calexico, Estados Unidos, derivado del presunto traslado de una cantidad considerable de dinero en efectivo que, de acuerdo con versiones period\u00edsticas, no habr\u00eda sido declarada conforme a los protocolos correspondientes.<\/p>\n\n\n\n<p>Las y los diputados no solo representamos a la ciudadan\u00eda, sino que adem\u00e1s, tenemos responsabilidades espec\u00edficas dentro del Congreso.&nbsp;<\/p>\n\n\n\n<p>En este caso, la diputada Ang preside la Comisi\u00f3n de Fiscalizaci\u00f3n del Gasto P\u00fablico, una comisi\u00f3n fundamental encargada de vigilar la correcta aplicaci\u00f3n de los recursos y la legalidad en su manejo.<\/p>\n\n\n\n<p>Por congruencia institucional y para salvaguardar la credibilidad del Congreso, considero urgente que se realice un cambio en la presidencia de dicha comisi\u00f3n mientras se esclarecen plenamente los hechos.<\/p>\n","protected":false},"excerpt":{"rendered":"<p>Se dio a conocer p\u00fablicamente que la diputada Alejandra Ang fue objeto de una revisi\u00f3n por autoridades en la garita de Calexico, Estados Unidos, derivado del presunto traslado de una cantidad considerable de dinero en efectivo que, de acuerdo con versiones period\u00edsticas, no habr\u00eda sido declarada conforme a los protocolos correspondientes. Las y los diputados [&hellip;]<\/p>\n","protected":false},"author":2,"featured_media":7779,"comment_status":"closed","ping_status":"closed","sticky":false,"template":"","format":"standard","meta":{"footnotes":""},"categories":[6],"tags":[],"class_list":["post-7791","post","type-post","status-publish","format-standard","has-post-thumbnail","hentry","category-politica"],"yoast_head":"<!-- This site is optimized with the Yoast SEO plugin v27.5 - https:\/\/yoast.com\/product\/yoast-seo-wordpress\/ -->\n<title>Pide diputada de MC se retire de presidencia a la diputada Alejandra Ang - El Term\u00f3metro de la Noticia<\/title>\n<meta name=\"robots\" content=\"index, follow, max-snippet:-1, max-image-preview:large, max-video-preview:-1\" \/>\n<link rel=\"canonical\" href=\"https:\/\/eltermometro.mx\/index.php\/2026\/01\/07\/pide-diputada-de-mc-se-retire-de-presidencia-a-la-diputada-alejandra-ang\/\" \/>\n<meta property=\"og:locale\" content=\"es_ES\" \/>\n<meta property=\"og:type\" content=\"article\" \/>\n<meta property=\"og:title\" content=\"Pide diputada de MC se retire de presidencia a la diputada Alejandra Ang - El Term\u00f3metro de la Noticia\" \/>\n<meta property=\"og:description\" content=\"Se dio a conocer p\u00fablicamente que la diputada Alejandra Ang fue objeto de una revisi\u00f3n por autoridades en la garita de Calexico, Estados Unidos, derivado del presunto traslado de una cantidad considerable de dinero en efectivo que, de acuerdo con versiones period\u00edsticas, no habr\u00eda sido declarada conforme a los protocolos correspondientes. Las y los diputados [&hellip;]\" \/>\n<meta property=\"og:url\" content=\"https:\/\/eltermometro.mx\/index.php\/2026\/01\/07\/pide-diputada-de-mc-se-retire-de-presidencia-a-la-diputada-alejandra-ang\/\" \/>\n<meta property=\"og:site_name\" content=\"El Term\u00f3metro de la Noticia\" \/>\n<meta property=\"article:publisher\" content=\"https:\/\/www.facebook.com\/eltermometrodelanoticia.mx\/\" \/>\n<meta property=\"article:published_time\" content=\"2026-01-07T22:53:54+00:00\" \/>\n<meta property=\"article:modified_time\" content=\"2026-01-07T22:53:58+00:00\" \/>\n<meta property=\"og:image\" content=\"https:\/\/eltermometro.mx\/wp-content\/uploads\/2026\/01\/WhatsApp-Image-2026-01-06-at-20.12.24.jpeg\" \/>\n\t<meta property=\"og:image:width\" content=\"1067\" \/>\n\t<meta property=\"og:image:height\" content=\"665\" \/>\n\t<meta property=\"og:image:type\" content=\"image\/jpeg\" \/>\n<meta name=\"author\" content=\"Staff El Term\u00f3metro de la Noticia\" \/>\n<meta name=\"twitter:card\" content=\"summary_large_image\" \/>\n<meta name=\"twitter:label1\" content=\"Escrito por\" \/>\n\t<meta name=\"twitter:data1\" content=\"Staff El Term\u00f3metro de la Noticia\" \/>\n\t<meta name=\"twitter:label2\" content=\"Tiempo de lectura\" \/>\n\t<meta name=\"twitter:data2\" content=\"1 minuto\" \/>\n<script type=\"application\/ld+json\" class=\"yoast-schema-graph\">{\"@context\":\"https:\\\/\\\/schema.org\",\"@graph\":[{\"@type\":\"Article\",\"@id\":\"https:\\\/\\\/eltermometro.mx\\\/index.php\\\/2026\\\/01\\\/07\\\/pide-diputada-de-mc-se-retire-de-presidencia-a-la-diputada-alejandra-ang\\\/#article\",\"isPartOf\":{\"@id\":\"https:\\\/\\\/eltermometro.mx\\\/index.php\\\/2026\\\/01\\\/07\\\/pide-diputada-de-mc-se-retire-de-presidencia-a-la-diputada-alejandra-ang\\\/\"},\"author\":{\"name\":\"Staff El Term\u00f3metro de la Noticia\",\"@id\":\"https:\\\/\\\/eltermometro.mx\\\/#\\\/schema\\\/person\\\/639e7bbb8ebc8278e3840b35c51713e0\"},\"headline\":\"Pide diputada de MC se retire de presidencia a la diputada Alejandra Ang\",\"datePublished\":\"2026-01-07T22:53:54+00:00\",\"dateModified\":\"2026-01-07T22:53:58+00:00\",\"mainEntityOfPage\":{\"@id\":\"https:\\\/\\\/eltermometro.mx\\\/index.php\\\/2026\\\/01\\\/07\\\/pide-diputada-de-mc-se-retire-de-presidencia-a-la-diputada-alejandra-ang\\\/\"},\"wordCount\":158,\"publisher\":{\"@id\":\"https:\\\/\\\/eltermometro.mx\\\/#organization\"},\"image\":{\"@id\":\"https:\\\/\\\/eltermometro.mx\\\/index.php\\\/2026\\\/01\\\/07\\\/pide-diputada-de-mc-se-retire-de-presidencia-a-la-diputada-alejandra-ang\\\/#primaryimage\"},\"thumbnailUrl\":\"https:\\\/\\\/eltermometro.mx\\\/wp-content\\\/uploads\\\/2026\\\/01\\\/WhatsApp-Image-2026-01-06-at-20.12.24.jpeg\",\"articleSection\":[\"POL\u00cdTICA\"],\"inLanguage\":\"es\"},{\"@type\":\"WebPage\",\"@id\":\"https:\\\/\\\/eltermometro.mx\\\/index.php\\\/2026\\\/01\\\/07\\\/pide-diputada-de-mc-se-retire-de-presidencia-a-la-diputada-alejandra-ang\\\/\",\"url\":\"https:\\\/\\\/eltermometro.mx\\\/index.php\\\/2026\\\/01\\\/07\\\/pide-diputada-de-mc-se-retire-de-presidencia-a-la-diputada-alejandra-ang\\\/\",\"name\":\"Pide diputada de MC se retire de presidencia a la diputada Alejandra Ang - El Term\u00f3metro de la Noticia\",\"isPartOf\":{\"@id\":\"https:\\\/\\\/eltermometro.mx\\\/#website\"},\"primaryImageOfPage\":{\"@id\":\"https:\\\/\\\/eltermometro.mx\\\/index.php\\\/2026\\\/01\\\/07\\\/pide-diputada-de-mc-se-retire-de-presidencia-a-la-diputada-alejandra-ang\\\/#primaryimage\"},\"image\":{\"@id\":\"https:\\\/\\\/eltermometro.mx\\\/index.php\\\/2026\\\/01\\\/07\\\/pide-diputada-de-mc-se-retire-de-presidencia-a-la-diputada-alejandra-ang\\\/#primaryimage\"},\"thumbnailUrl\":\"https:\\\/\\\/eltermometro.mx\\\/wp-content\\\/uploads\\\/2026\\\/01\\\/WhatsApp-Image-2026-01-06-at-20.12.24.jpeg\",\"datePublished\":\"2026-01-07T22:53:54+00:00\",\"dateModified\":\"2026-01-07T22:53:58+00:00\",\"breadcrumb\":{\"@id\":\"https:\\\/\\\/eltermometro.mx\\\/index.php\\\/2026\\\/01\\\/07\\\/pide-diputada-de-mc-se-retire-de-presidencia-a-la-diputada-alejandra-ang\\\/#breadcrumb\"},\"inLanguage\":\"es\",\"potentialAction\":[{\"@type\":\"ReadAction\",\"target\":[\"https:\\\/\\\/eltermometro.mx\\\/index.php\\\/2026\\\/01\\\/07\\\/pide-diputada-de-mc-se-retire-de-presidencia-a-la-diputada-alejandra-ang\\\/\"]}]},{\"@type\":\"ImageObject\",\"inLanguage\":\"es\",\"@id\":\"https:\\\/\\\/eltermometro.mx\\\/index.php\\\/2026\\\/01\\\/07\\\/pide-diputada-de-mc-se-retire-de-presidencia-a-la-diputada-alejandra-ang\\\/#primaryimage\",\"url\":\"https:\\\/\\\/eltermometro.mx\\\/wp-content\\\/uploads\\\/2026\\\/01\\\/WhatsApp-Image-2026-01-06-at-20.12.24.jpeg\",\"contentUrl\":\"https:\\\/\\\/eltermometro.mx\\\/wp-content\\\/uploads\\\/2026\\\/01\\\/WhatsApp-Image-2026-01-06-at-20.12.24.jpeg\",\"width\":1067,\"height\":665},{\"@type\":\"BreadcrumbList\",\"@id\":\"https:\\\/\\\/eltermometro.mx\\\/index.php\\\/2026\\\/01\\\/07\\\/pide-diputada-de-mc-se-retire-de-presidencia-a-la-diputada-alejandra-ang\\\/#breadcrumb\",\"itemListElement\":[{\"@type\":\"ListItem\",\"position\":1,\"name\":\"Portada\",\"item\":\"https:\\\/\\\/eltermometro.mx\\\/\"},{\"@type\":\"ListItem\",\"position\":2,\"name\":\"Pide diputada de MC se retire de presidencia a la diputada Alejandra Ang\"}]},{\"@type\":\"WebSite\",\"@id\":\"https:\\\/\\\/eltermometro.mx\\\/#website\",\"url\":\"https:\\\/\\\/eltermometro.mx\\\/\",\"name\":\"El Tem\u00f3metro de la Noticia\",\"description\":\"\",\"publisher\":{\"@id\":\"https:\\\/\\\/eltermometro.mx\\\/#organization\"},\"potentialAction\":[{\"@type\":\"SearchAction\",\"target\":{\"@type\":\"EntryPoint\",\"urlTemplate\":\"https:\\\/\\\/eltermometro.mx\\\/?s={search_term_string}\"},\"query-input\":{\"@type\":\"PropertyValueSpecification\",\"valueRequired\":true,\"valueName\":\"search_term_string\"}}],\"inLanguage\":\"es\"},{\"@type\":\"Organization\",\"@id\":\"https:\\\/\\\/eltermometro.mx\\\/#organization\",\"name\":\"El Tem\u00f3metro de la Noticia\",\"url\":\"https:\\\/\\\/eltermometro.mx\\\/\",\"logo\":{\"@type\":\"ImageObject\",\"inLanguage\":\"es\",\"@id\":\"https:\\\/\\\/eltermometro.mx\\\/#\\\/schema\\\/logo\\\/image\\\/\",\"url\":\"https:\\\/\\\/eltermometro.mx\\\/wp-content\\\/uploads\\\/2024\\\/09\\\/cropped-logo-ok.png\",\"contentUrl\":\"https:\\\/\\\/eltermometro.mx\\\/wp-content\\\/uploads\\\/2024\\\/09\\\/cropped-logo-ok.png\",\"width\":800,\"height\":224,\"caption\":\"El Tem\u00f3metro de la Noticia\"},\"image\":{\"@id\":\"https:\\\/\\\/eltermometro.mx\\\/#\\\/schema\\\/logo\\\/image\\\/\"},\"sameAs\":[\"https:\\\/\\\/www.facebook.com\\\/eltermometrodelanoticia.mx\\\/\"]},{\"@type\":\"Person\",\"@id\":\"https:\\\/\\\/eltermometro.mx\\\/#\\\/schema\\\/person\\\/639e7bbb8ebc8278e3840b35c51713e0\",\"name\":\"Staff El Term\u00f3metro de la Noticia\",\"url\":\"https:\\\/\\\/eltermometro.mx\\\/index.php\\\/author\\\/staff\\\/\"}]}<\/script>\n<!-- \/ Yoast SEO plugin. -->","yoast_head_json":{"title":"Pide diputada de MC se retire de presidencia a la diputada Alejandra Ang - El Term\u00f3metro de la Noticia","robots":{"index":"index","follow":"follow","max-snippet":"max-snippet:-1","max-image-preview":"max-image-preview:large","max-video-preview":"max-video-preview:-1"},"canonical":"https:\/\/eltermometro.mx\/index.php\/2026\/01\/07\/pide-diputada-de-mc-se-retire-de-presidencia-a-la-diputada-alejandra-ang\/","og_locale":"es_ES","og_type":"article","og_title":"Pide diputada de MC se retire de presidencia a la diputada Alejandra Ang - El Term\u00f3metro de la Noticia","og_description":"Se dio a conocer p\u00fablicamente que la diputada Alejandra Ang fue objeto de una revisi\u00f3n por autoridades en la garita de Calexico, Estados Unidos, derivado del presunto traslado de una cantidad considerable de dinero en efectivo que, de acuerdo con versiones period\u00edsticas, no habr\u00eda sido declarada conforme a los protocolos correspondientes. Las y los diputados [&hellip;]","og_url":"https:\/\/eltermometro.mx\/index.php\/2026\/01\/07\/pide-diputada-de-mc-se-retire-de-presidencia-a-la-diputada-alejandra-ang\/","og_site_name":"El Term\u00f3metro de la Noticia","article_publisher":"https:\/\/www.facebook.com\/eltermometrodelanoticia.mx\/","article_published_time":"2026-01-07T22:53:54+00:00","article_modified_time":"2026-01-07T22:53:58+00:00","og_image":[{"width":1067,"height":665,"url":"https:\/\/eltermometro.mx\/wp-content\/uploads\/2026\/01\/WhatsApp-Image-2026-01-06-at-20.12.24.jpeg","type":"image\/jpeg"}],"author":"Staff El Term\u00f3metro de la Noticia","twitter_card":"summary_large_image","twitter_misc":{"Escrito por":"Staff El Term\u00f3metro de la Noticia","Tiempo de lectura":"1 minuto"},"schema":{"@context":"https:\/\/schema.org","@graph":[{"@type":"Article","@id":"https:\/\/eltermometro.mx\/index.php\/2026\/01\/07\/pide-diputada-de-mc-se-retire-de-presidencia-a-la-diputada-alejandra-ang\/#article","isPartOf":{"@id":"https:\/\/eltermometro.mx\/index.php\/2026\/01\/07\/pide-diputada-de-mc-se-retire-de-presidencia-a-la-diputada-alejandra-ang\/"},"author":{"name":"Staff El Term\u00f3metro de la Noticia","@id":"https:\/\/eltermometro.mx\/#\/schema\/person\/639e7bbb8ebc8278e3840b35c51713e0"},"headline":"Pide diputada de MC se retire de presidencia a la diputada Alejandra Ang","datePublished":"2026-01-07T22:53:54+00:00","dateModified":"2026-01-07T22:53:58+00:00","mainEntityOfPage":{"@id":"https:\/\/eltermometro.mx\/index.php\/2026\/01\/07\/pide-diputada-de-mc-se-retire-de-presidencia-a-la-diputada-alejandra-ang\/"},"wordCount":158,"publisher":{"@id":"https:\/\/eltermometro.mx\/#organization"},"image":{"@id":"https:\/\/eltermometro.mx\/index.php\/2026\/01\/07\/pide-diputada-de-mc-se-retire-de-presidencia-a-la-diputada-alejandra-ang\/#primaryimage"},"thumbnailUrl":"https:\/\/eltermometro.mx\/wp-content\/uploads\/2026\/01\/WhatsApp-Image-2026-01-06-at-20.12.24.jpeg","articleSection":["POL\u00cdTICA"],"inLanguage":"es"},{"@type":"WebPage","@id":"https:\/\/eltermometro.mx\/index.php\/2026\/01\/07\/pide-diputada-de-mc-se-retire-de-presidencia-a-la-diputada-alejandra-ang\/","url":"https:\/\/eltermometro.mx\/index.php\/2026\/01\/07\/pide-diputada-de-mc-se-retire-de-presidencia-a-la-diputada-alejandra-ang\/","name":"Pide diputada de MC se retire de presidencia a la diputada Alejandra Ang - El Term\u00f3metro de la Noticia","isPartOf":{"@id":"https:\/\/eltermometro.mx\/#website"},"primaryImageOfPage":{"@id":"https:\/\/eltermometro.mx\/index.php\/2026\/01\/07\/pide-diputada-de-mc-se-retire-de-presidencia-a-la-diputada-alejandra-ang\/#primaryimage"},"image":{"@id":"https:\/\/eltermometro.mx\/index.php\/2026\/01\/07\/pide-diputada-de-mc-se-retire-de-presidencia-a-la-diputada-alejandra-ang\/#primaryimage"},"thumbnailUrl":"https:\/\/eltermometro.mx\/wp-content\/uploads\/2026\/01\/WhatsApp-Image-2026-01-06-at-20.12.24.jpeg","datePublished":"2026-01-07T22:53:54+00:00","dateModified":"2026-01-07T22:53:58+00:00","breadcrumb":{"@id":"https:\/\/eltermometro.mx\/index.php\/2026\/01\/07\/pide-diputada-de-mc-se-retire-de-presidencia-a-la-diputada-alejandra-ang\/#breadcrumb"},"inLanguage":"es","potentialAction":[{"@type":"ReadAction","target":["https:\/\/eltermometro.mx\/index.php\/2026\/01\/07\/pide-diputada-de-mc-se-retire-de-presidencia-a-la-diputada-alejandra-ang\/"]}]},{"@type":"ImageObject","inLanguage":"es","@id":"https:\/\/eltermometro.mx\/index.php\/2026\/01\/07\/pide-diputada-de-mc-se-retire-de-presidencia-a-la-diputada-alejandra-ang\/#primaryimage","url":"https:\/\/eltermometro.mx\/wp-content\/uploads\/2026\/01\/WhatsApp-Image-2026-01-06-at-20.12.24.jpeg","contentUrl":"https:\/\/eltermometro.mx\/wp-content\/uploads\/2026\/01\/WhatsApp-Image-2026-01-06-at-20.12.24.jpeg","width":1067,"height":665},{"@type":"BreadcrumbList","@id":"https:\/\/eltermometro.mx\/index.php\/2026\/01\/07\/pide-diputada-de-mc-se-retire-de-presidencia-a-la-diputada-alejandra-ang\/#breadcrumb","itemListElement":[{"@type":"ListItem","position":1,"name":"Portada","item":"https:\/\/eltermometro.mx\/"},{"@type":"ListItem","position":2,"name":"Pide diputada de MC se retire de presidencia a la diputada Alejandra Ang"}]},{"@type":"WebSite","@id":"https:\/\/eltermometro.mx\/#website","url":"https:\/\/eltermometro.mx\/","name":"El Tem\u00f3metro de la Noticia","description":"","publisher":{"@id":"https:\/\/eltermometro.mx\/#organization"},"potentialAction":[{"@type":"SearchAction","target":{"@type":"EntryPoint","urlTemplate":"https:\/\/eltermometro.mx\/?s={search_term_string}"},"query-input":{"@type":"PropertyValueSpecification","valueRequired":true,"valueName":"search_term_string"}}],"inLanguage":"es"},{"@type":"Organization","@id":"https:\/\/eltermometro.mx\/#organization","name":"El Tem\u00f3metro de la Noticia","url":"https:\/\/eltermometro.mx\/","logo":{"@type":"ImageObject","inLanguage":"es","@id":"https:\/\/eltermometro.mx\/#\/schema\/logo\/image\/","url":"https:\/\/eltermometro.mx\/wp-content\/uploads\/2024\/09\/cropped-logo-ok.png","contentUrl":"https:\/\/eltermometro.mx\/wp-content\/uploads\/2024\/09\/cropped-logo-ok.png","width":800,"height":224,"caption":"El Tem\u00f3metro de la Noticia"},"image":{"@id":"https:\/\/eltermometro.mx\/#\/schema\/logo\/image\/"},"sameAs":["https:\/\/www.facebook.com\/eltermometrodelanoticia.mx\/"]},{"@type":"Person","@id":"https:\/\/eltermometro.mx\/#\/schema\/person\/639e7bbb8ebc8278e3840b35c51713e0","name":"Staff El Term\u00f3metro de la Noticia","url":"https:\/\/eltermometro.mx\/index.php\/author\/staff\/"}]}},"_links":{"self":[{"href":"https:\/\/eltermometro.mx\/index.php\/wp-json\/wp\/v2\/posts\/7791","targetHints":{"allow":["GET"]}}],"collection":[{"href":"https:\/\/eltermometro.mx\/index.php\/wp-json\/wp\/v2\/posts"}],"about":[{"href":"https:\/\/eltermometro.mx\/index.php\/wp-json\/wp\/v2\/types\/post"}],"author":[{"embeddable":true,"href":"https:\/\/eltermometro.mx\/index.php\/wp-json\/wp\/v2\/users\/2"}],"replies":[{"embeddable":true,"href":"https:\/\/eltermometro.mx\/index.php\/wp-json\/wp\/v2\/comments?post=7791"}],"version-history":[{"count":1,"href":"https:\/\/eltermometro.mx\/index.php\/wp-json\/wp\/v2\/posts\/7791\/revisions"}],"predecessor-version":[{"id":7792,"href":"https:\/\/eltermometro.mx\/index.php\/wp-json\/wp\/v2\/posts\/7791\/revisions\/7792"}],"wp:featuredmedia":[{"embeddable":true,"href":"https:\/\/eltermometro.mx\/index.php\/wp-json\/wp\/v2\/media\/7779"}],"wp:attachment":[{"href":"https:\/\/eltermometro.mx\/index.php\/wp-json\/wp\/v2\/media?parent=7791"}],"wp:term":[{"taxonomy":"category","embeddable":true,"href":"https:\/\/eltermometro.mx\/index.php\/wp-json\/wp\/v2\/categories?post=7791"},{"taxonomy":"post_tag","embeddable":true,"href":"https:\/\/eltermometro.mx\/index.php\/wp-json\/wp\/v2\/tags?post=7791"}],"curies":[{"name":"wp","href":"https:\/\/api.w.org\/{rel}","templated":true}]}}