{"id":7793,"date":"2026-01-07T14:54:50","date_gmt":"2026-01-07T22:54:50","guid":{"rendered":"https:\/\/eltermometro.mx\/?p=7793"},"modified":"2026-01-07T14:54:52","modified_gmt":"2026-01-07T22:54:52","slug":"exige-pan-transparencia-ante-la-retencion-de-alejandra-ang-en-garita","status":"publish","type":"post","link":"https:\/\/eltermometro.mx\/index.php\/2026\/01\/07\/exige-pan-transparencia-ante-la-retencion-de-alejandra-ang-en-garita\/","title":{"rendered":"Exige PAN transparencia ante la retenci\u00f3n de Alejandra Ang en garita"},"content":{"rendered":"\n<p>El Partido Acci\u00f3n Nacional en Baja California, a trav\u00e9s de su presidenta estatal, Lizbeth Mata Lozano, manifiesta su indignaci\u00f3n ante la retenci\u00f3n de la diputada morenista Alejandra Mar\u00eda \u00c1ng Hern\u00e1ndez, integrante del Congreso del Estado y presidenta de la Comisi\u00f3n de Fiscalizaci\u00f3n del Gasto P\u00fablico, quien fue retenida por autoridades estadounidenses en la garita internacional Mexicali\u2013Calexico, en el marco de un procedimiento administrativo por presuntamente intentar ingresar con una cantidad de dinero superior a la permitida sin declararla.<\/p>\n\n\n\n<p>Posteriormente, la legisladora emiti\u00f3 un comunicado dirigido a la opini\u00f3n p\u00fablica en el que se\u00f1ala que se trat\u00f3 de un error administrativo y que los recursos involucrados son de car\u00e1cter personal. No obstante, desde Acci\u00f3n Nacional subrayamos que este tipo de situaciones no se aclaran \u00fanicamente con comunicados, sino mediante documentaci\u00f3n comprobatoria, investigaciones formales y resoluciones de las autoridades competentes.<\/p>\n\n\n\n<p>Trat\u00e1ndose de una diputada en funciones y responsable de la fiscalizaci\u00f3n de los recursos p\u00fablicos en Baja California, la exigencia de transparencia debe ser mayor. Por ello, el PAN exige que la diputada acredite plenamente el origen l\u00edcito de los recursos, que se informe con claridad el resultado del procedimiento administrativo en curso, y que no exista ning\u00fan tipo de protecci\u00f3n pol\u00edtica.<\/p>\n\n\n\n<p>Asimismo, exigimos que el Congreso del Estado asuma una postura institucional clara, y que se valore la separaci\u00f3n temporal de la diputada de la presidencia de la Comisi\u00f3n de Fiscalizaci\u00f3n, mientras se esclarecen los hechos, con el objetivo de preservar la credibilidad y la confianza ciudadana.<\/p>\n\n\n\n<p>Cabe recordar que Alejandra Mar\u00eda \u00c1ng Hern\u00e1ndez fue directora de Desarrollo Social Municipal del Ayuntamiento de Mexicali de 2019 a 2021, periodo en el que, de acuerdo con informaci\u00f3n difundida en medios locales, se se\u00f1alaron irregularidades por aproximadamente 3 millones de pesos, investigaciones que no han sido esclarecidas p\u00fablicamente, lo que vuelve indispensable una revisi\u00f3n responsable de su actuaci\u00f3n pasada y presente.<\/p>\n\n\n\n<p>Acci\u00f3n Nacional reitera que la transparencia no se acredita con declaraciones, sino con hechos verificables y rendici\u00f3n de cuentas real. Baja California exige servidores p\u00fablicos que comprueben, respondan ante la ley y act\u00faen con honestidad.<\/p>\n","protected":false},"excerpt":{"rendered":"<p>El Partido Acci\u00f3n Nacional en Baja California, a trav\u00e9s de su presidenta estatal, Lizbeth Mata Lozano, manifiesta su indignaci\u00f3n ante la retenci\u00f3n de la diputada morenista Alejandra Mar\u00eda \u00c1ng Hern\u00e1ndez, integrante del Congreso del Estado y presidenta de la Comisi\u00f3n de Fiscalizaci\u00f3n del Gasto P\u00fablico, quien fue retenida por autoridades estadounidenses en la garita internacional [&hellip;]<\/p>\n","protected":false},"author":2,"featured_media":7778,"comment_status":"closed","ping_status":"closed","sticky":false,"template":"","format":"standard","meta":{"footnotes":""},"categories":[6],"tags":[],"class_list":["post-7793","post","type-post","status-publish","format-standard","has-post-thumbnail","hentry","category-politica"],"yoast_head":"<!-- This site is optimized with the Yoast SEO plugin v27.5 - https:\/\/yoast.com\/product\/yoast-seo-wordpress\/ -->\n<title>Exige PAN transparencia ante la retenci\u00f3n de Alejandra Ang en garita - El Term\u00f3metro de la Noticia<\/title>\n<meta name=\"robots\" content=\"index, follow, max-snippet:-1, max-image-preview:large, max-video-preview:-1\" \/>\n<link rel=\"canonical\" href=\"https:\/\/eltermometro.mx\/index.php\/2026\/01\/07\/exige-pan-transparencia-ante-la-retencion-de-alejandra-ang-en-garita\/\" \/>\n<meta property=\"og:locale\" content=\"es_ES\" \/>\n<meta property=\"og:type\" content=\"article\" \/>\n<meta property=\"og:title\" content=\"Exige PAN transparencia ante la retenci\u00f3n de Alejandra Ang en garita - El Term\u00f3metro de la Noticia\" \/>\n<meta property=\"og:description\" content=\"El Partido Acci\u00f3n Nacional en Baja California, a trav\u00e9s de su presidenta estatal, Lizbeth Mata Lozano, manifiesta su indignaci\u00f3n ante la retenci\u00f3n de la diputada morenista Alejandra Mar\u00eda \u00c1ng Hern\u00e1ndez, integrante del Congreso del Estado y presidenta de la Comisi\u00f3n de Fiscalizaci\u00f3n del Gasto P\u00fablico, quien fue retenida por autoridades estadounidenses en la garita internacional [&hellip;]\" \/>\n<meta property=\"og:url\" content=\"https:\/\/eltermometro.mx\/index.php\/2026\/01\/07\/exige-pan-transparencia-ante-la-retencion-de-alejandra-ang-en-garita\/\" \/>\n<meta property=\"og:site_name\" content=\"El Term\u00f3metro de la Noticia\" \/>\n<meta property=\"article:publisher\" content=\"https:\/\/www.facebook.com\/eltermometrodelanoticia.mx\/\" \/>\n<meta property=\"article:published_time\" content=\"2026-01-07T22:54:50+00:00\" \/>\n<meta property=\"article:modified_time\" content=\"2026-01-07T22:54:52+00:00\" \/>\n<meta property=\"og:image\" content=\"https:\/\/eltermometro.mx\/wp-content\/uploads\/2026\/01\/WhatsApp-Image-2026-01-06-at-20.15.49.jpeg\" \/>\n\t<meta property=\"og:image:width\" content=\"1067\" \/>\n\t<meta property=\"og:image:height\" content=\"665\" \/>\n\t<meta property=\"og:image:type\" content=\"image\/jpeg\" \/>\n<meta name=\"author\" content=\"Staff El Term\u00f3metro de la Noticia\" \/>\n<meta name=\"twitter:card\" content=\"summary_large_image\" \/>\n<meta name=\"twitter:label1\" content=\"Escrito por\" \/>\n\t<meta name=\"twitter:data1\" content=\"Staff El Term\u00f3metro de la Noticia\" \/>\n\t<meta name=\"twitter:label2\" content=\"Tiempo de lectura\" \/>\n\t<meta name=\"twitter:data2\" content=\"2 minutos\" \/>\n<script type=\"application\/ld+json\" class=\"yoast-schema-graph\">{\"@context\":\"https:\\\/\\\/schema.org\",\"@graph\":[{\"@type\":\"Article\",\"@id\":\"https:\\\/\\\/eltermometro.mx\\\/index.php\\\/2026\\\/01\\\/07\\\/exige-pan-transparencia-ante-la-retencion-de-alejandra-ang-en-garita\\\/#article\",\"isPartOf\":{\"@id\":\"https:\\\/\\\/eltermometro.mx\\\/index.php\\\/2026\\\/01\\\/07\\\/exige-pan-transparencia-ante-la-retencion-de-alejandra-ang-en-garita\\\/\"},\"author\":{\"name\":\"Staff El Term\u00f3metro de la Noticia\",\"@id\":\"https:\\\/\\\/eltermometro.mx\\\/#\\\/schema\\\/person\\\/639e7bbb8ebc8278e3840b35c51713e0\"},\"headline\":\"Exige PAN transparencia ante la retenci\u00f3n de Alejandra Ang en garita\",\"datePublished\":\"2026-01-07T22:54:50+00:00\",\"dateModified\":\"2026-01-07T22:54:52+00:00\",\"mainEntityOfPage\":{\"@id\":\"https:\\\/\\\/eltermometro.mx\\\/index.php\\\/2026\\\/01\\\/07\\\/exige-pan-transparencia-ante-la-retencion-de-alejandra-ang-en-garita\\\/\"},\"wordCount\":389,\"publisher\":{\"@id\":\"https:\\\/\\\/eltermometro.mx\\\/#organization\"},\"image\":{\"@id\":\"https:\\\/\\\/eltermometro.mx\\\/index.php\\\/2026\\\/01\\\/07\\\/exige-pan-transparencia-ante-la-retencion-de-alejandra-ang-en-garita\\\/#primaryimage\"},\"thumbnailUrl\":\"https:\\\/\\\/eltermometro.mx\\\/wp-content\\\/uploads\\\/2026\\\/01\\\/WhatsApp-Image-2026-01-06-at-20.15.49.jpeg\",\"articleSection\":[\"POL\u00cdTICA\"],\"inLanguage\":\"es\"},{\"@type\":\"WebPage\",\"@id\":\"https:\\\/\\\/eltermometro.mx\\\/index.php\\\/2026\\\/01\\\/07\\\/exige-pan-transparencia-ante-la-retencion-de-alejandra-ang-en-garita\\\/\",\"url\":\"https:\\\/\\\/eltermometro.mx\\\/index.php\\\/2026\\\/01\\\/07\\\/exige-pan-transparencia-ante-la-retencion-de-alejandra-ang-en-garita\\\/\",\"name\":\"Exige PAN transparencia ante la retenci\u00f3n de Alejandra Ang en garita - El Term\u00f3metro de la Noticia\",\"isPartOf\":{\"@id\":\"https:\\\/\\\/eltermometro.mx\\\/#website\"},\"primaryImageOfPage\":{\"@id\":\"https:\\\/\\\/eltermometro.mx\\\/index.php\\\/2026\\\/01\\\/07\\\/exige-pan-transparencia-ante-la-retencion-de-alejandra-ang-en-garita\\\/#primaryimage\"},\"image\":{\"@id\":\"https:\\\/\\\/eltermometro.mx\\\/index.php\\\/2026\\\/01\\\/07\\\/exige-pan-transparencia-ante-la-retencion-de-alejandra-ang-en-garita\\\/#primaryimage\"},\"thumbnailUrl\":\"https:\\\/\\\/eltermometro.mx\\\/wp-content\\\/uploads\\\/2026\\\/01\\\/WhatsApp-Image-2026-01-06-at-20.15.49.jpeg\",\"datePublished\":\"2026-01-07T22:54:50+00:00\",\"dateModified\":\"2026-01-07T22:54:52+00:00\",\"breadcrumb\":{\"@id\":\"https:\\\/\\\/eltermometro.mx\\\/index.php\\\/2026\\\/01\\\/07\\\/exige-pan-transparencia-ante-la-retencion-de-alejandra-ang-en-garita\\\/#breadcrumb\"},\"inLanguage\":\"es\",\"potentialAction\":[{\"@type\":\"ReadAction\",\"target\":[\"https:\\\/\\\/eltermometro.mx\\\/index.php\\\/2026\\\/01\\\/07\\\/exige-pan-transparencia-ante-la-retencion-de-alejandra-ang-en-garita\\\/\"]}]},{\"@type\":\"ImageObject\",\"inLanguage\":\"es\",\"@id\":\"https:\\\/\\\/eltermometro.mx\\\/index.php\\\/2026\\\/01\\\/07\\\/exige-pan-transparencia-ante-la-retencion-de-alejandra-ang-en-garita\\\/#primaryimage\",\"url\":\"https:\\\/\\\/eltermometro.mx\\\/wp-content\\\/uploads\\\/2026\\\/01\\\/WhatsApp-Image-2026-01-06-at-20.15.49.jpeg\",\"contentUrl\":\"https:\\\/\\\/eltermometro.mx\\\/wp-content\\\/uploads\\\/2026\\\/01\\\/WhatsApp-Image-2026-01-06-at-20.15.49.jpeg\",\"width\":1067,\"height\":665},{\"@type\":\"BreadcrumbList\",\"@id\":\"https:\\\/\\\/eltermometro.mx\\\/index.php\\\/2026\\\/01\\\/07\\\/exige-pan-transparencia-ante-la-retencion-de-alejandra-ang-en-garita\\\/#breadcrumb\",\"itemListElement\":[{\"@type\":\"ListItem\",\"position\":1,\"name\":\"Portada\",\"item\":\"https:\\\/\\\/eltermometro.mx\\\/\"},{\"@type\":\"ListItem\",\"position\":2,\"name\":\"Exige PAN transparencia ante la retenci\u00f3n de Alejandra Ang en garita\"}]},{\"@type\":\"WebSite\",\"@id\":\"https:\\\/\\\/eltermometro.mx\\\/#website\",\"url\":\"https:\\\/\\\/eltermometro.mx\\\/\",\"name\":\"El Tem\u00f3metro de la Noticia\",\"description\":\"\",\"publisher\":{\"@id\":\"https:\\\/\\\/eltermometro.mx\\\/#organization\"},\"potentialAction\":[{\"@type\":\"SearchAction\",\"target\":{\"@type\":\"EntryPoint\",\"urlTemplate\":\"https:\\\/\\\/eltermometro.mx\\\/?s={search_term_string}\"},\"query-input\":{\"@type\":\"PropertyValueSpecification\",\"valueRequired\":true,\"valueName\":\"search_term_string\"}}],\"inLanguage\":\"es\"},{\"@type\":\"Organization\",\"@id\":\"https:\\\/\\\/eltermometro.mx\\\/#organization\",\"name\":\"El Tem\u00f3metro de la Noticia\",\"url\":\"https:\\\/\\\/eltermometro.mx\\\/\",\"logo\":{\"@type\":\"ImageObject\",\"inLanguage\":\"es\",\"@id\":\"https:\\\/\\\/eltermometro.mx\\\/#\\\/schema\\\/logo\\\/image\\\/\",\"url\":\"https:\\\/\\\/eltermometro.mx\\\/wp-content\\\/uploads\\\/2024\\\/09\\\/cropped-logo-ok.png\",\"contentUrl\":\"https:\\\/\\\/eltermometro.mx\\\/wp-content\\\/uploads\\\/2024\\\/09\\\/cropped-logo-ok.png\",\"width\":800,\"height\":224,\"caption\":\"El Tem\u00f3metro de la Noticia\"},\"image\":{\"@id\":\"https:\\\/\\\/eltermometro.mx\\\/#\\\/schema\\\/logo\\\/image\\\/\"},\"sameAs\":[\"https:\\\/\\\/www.facebook.com\\\/eltermometrodelanoticia.mx\\\/\"]},{\"@type\":\"Person\",\"@id\":\"https:\\\/\\\/eltermometro.mx\\\/#\\\/schema\\\/person\\\/639e7bbb8ebc8278e3840b35c51713e0\",\"name\":\"Staff El Term\u00f3metro de la Noticia\",\"url\":\"https:\\\/\\\/eltermometro.mx\\\/index.php\\\/author\\\/staff\\\/\"}]}<\/script>\n<!-- \/ Yoast SEO plugin. -->","yoast_head_json":{"title":"Exige PAN transparencia ante la retenci\u00f3n de Alejandra Ang en garita - El Term\u00f3metro de la Noticia","robots":{"index":"index","follow":"follow","max-snippet":"max-snippet:-1","max-image-preview":"max-image-preview:large","max-video-preview":"max-video-preview:-1"},"canonical":"https:\/\/eltermometro.mx\/index.php\/2026\/01\/07\/exige-pan-transparencia-ante-la-retencion-de-alejandra-ang-en-garita\/","og_locale":"es_ES","og_type":"article","og_title":"Exige PAN transparencia ante la retenci\u00f3n de Alejandra Ang en garita - El Term\u00f3metro de la Noticia","og_description":"El Partido Acci\u00f3n Nacional en Baja California, a trav\u00e9s de su presidenta estatal, Lizbeth Mata Lozano, manifiesta su indignaci\u00f3n ante la retenci\u00f3n de la diputada morenista Alejandra Mar\u00eda \u00c1ng Hern\u00e1ndez, integrante del Congreso del Estado y presidenta de la Comisi\u00f3n de Fiscalizaci\u00f3n del Gasto P\u00fablico, quien fue retenida por autoridades estadounidenses en la garita internacional [&hellip;]","og_url":"https:\/\/eltermometro.mx\/index.php\/2026\/01\/07\/exige-pan-transparencia-ante-la-retencion-de-alejandra-ang-en-garita\/","og_site_name":"El Term\u00f3metro de la Noticia","article_publisher":"https:\/\/www.facebook.com\/eltermometrodelanoticia.mx\/","article_published_time":"2026-01-07T22:54:50+00:00","article_modified_time":"2026-01-07T22:54:52+00:00","og_image":[{"width":1067,"height":665,"url":"https:\/\/eltermometro.mx\/wp-content\/uploads\/2026\/01\/WhatsApp-Image-2026-01-06-at-20.15.49.jpeg","type":"image\/jpeg"}],"author":"Staff El Term\u00f3metro de la Noticia","twitter_card":"summary_large_image","twitter_misc":{"Escrito por":"Staff El Term\u00f3metro de la Noticia","Tiempo de lectura":"2 minutos"},"schema":{"@context":"https:\/\/schema.org","@graph":[{"@type":"Article","@id":"https:\/\/eltermometro.mx\/index.php\/2026\/01\/07\/exige-pan-transparencia-ante-la-retencion-de-alejandra-ang-en-garita\/#article","isPartOf":{"@id":"https:\/\/eltermometro.mx\/index.php\/2026\/01\/07\/exige-pan-transparencia-ante-la-retencion-de-alejandra-ang-en-garita\/"},"author":{"name":"Staff El Term\u00f3metro de la Noticia","@id":"https:\/\/eltermometro.mx\/#\/schema\/person\/639e7bbb8ebc8278e3840b35c51713e0"},"headline":"Exige PAN transparencia ante la retenci\u00f3n de Alejandra Ang en garita","datePublished":"2026-01-07T22:54:50+00:00","dateModified":"2026-01-07T22:54:52+00:00","mainEntityOfPage":{"@id":"https:\/\/eltermometro.mx\/index.php\/2026\/01\/07\/exige-pan-transparencia-ante-la-retencion-de-alejandra-ang-en-garita\/"},"wordCount":389,"publisher":{"@id":"https:\/\/eltermometro.mx\/#organization"},"image":{"@id":"https:\/\/eltermometro.mx\/index.php\/2026\/01\/07\/exige-pan-transparencia-ante-la-retencion-de-alejandra-ang-en-garita\/#primaryimage"},"thumbnailUrl":"https:\/\/eltermometro.mx\/wp-content\/uploads\/2026\/01\/WhatsApp-Image-2026-01-06-at-20.15.49.jpeg","articleSection":["POL\u00cdTICA"],"inLanguage":"es"},{"@type":"WebPage","@id":"https:\/\/eltermometro.mx\/index.php\/2026\/01\/07\/exige-pan-transparencia-ante-la-retencion-de-alejandra-ang-en-garita\/","url":"https:\/\/eltermometro.mx\/index.php\/2026\/01\/07\/exige-pan-transparencia-ante-la-retencion-de-alejandra-ang-en-garita\/","name":"Exige PAN transparencia ante la retenci\u00f3n de Alejandra Ang en garita - El Term\u00f3metro de la Noticia","isPartOf":{"@id":"https:\/\/eltermometro.mx\/#website"},"primaryImageOfPage":{"@id":"https:\/\/eltermometro.mx\/index.php\/2026\/01\/07\/exige-pan-transparencia-ante-la-retencion-de-alejandra-ang-en-garita\/#primaryimage"},"image":{"@id":"https:\/\/eltermometro.mx\/index.php\/2026\/01\/07\/exige-pan-transparencia-ante-la-retencion-de-alejandra-ang-en-garita\/#primaryimage"},"thumbnailUrl":"https:\/\/eltermometro.mx\/wp-content\/uploads\/2026\/01\/WhatsApp-Image-2026-01-06-at-20.15.49.jpeg","datePublished":"2026-01-07T22:54:50+00:00","dateModified":"2026-01-07T22:54:52+00:00","breadcrumb":{"@id":"https:\/\/eltermometro.mx\/index.php\/2026\/01\/07\/exige-pan-transparencia-ante-la-retencion-de-alejandra-ang-en-garita\/#breadcrumb"},"inLanguage":"es","potentialAction":[{"@type":"ReadAction","target":["https:\/\/eltermometro.mx\/index.php\/2026\/01\/07\/exige-pan-transparencia-ante-la-retencion-de-alejandra-ang-en-garita\/"]}]},{"@type":"ImageObject","inLanguage":"es","@id":"https:\/\/eltermometro.mx\/index.php\/2026\/01\/07\/exige-pan-transparencia-ante-la-retencion-de-alejandra-ang-en-garita\/#primaryimage","url":"https:\/\/eltermometro.mx\/wp-content\/uploads\/2026\/01\/WhatsApp-Image-2026-01-06-at-20.15.49.jpeg","contentUrl":"https:\/\/eltermometro.mx\/wp-content\/uploads\/2026\/01\/WhatsApp-Image-2026-01-06-at-20.15.49.jpeg","width":1067,"height":665},{"@type":"BreadcrumbList","@id":"https:\/\/eltermometro.mx\/index.php\/2026\/01\/07\/exige-pan-transparencia-ante-la-retencion-de-alejandra-ang-en-garita\/#breadcrumb","itemListElement":[{"@type":"ListItem","position":1,"name":"Portada","item":"https:\/\/eltermometro.mx\/"},{"@type":"ListItem","position":2,"name":"Exige PAN transparencia ante la retenci\u00f3n de Alejandra Ang en garita"}]},{"@type":"WebSite","@id":"https:\/\/eltermometro.mx\/#website","url":"https:\/\/eltermometro.mx\/","name":"El Tem\u00f3metro de la Noticia","description":"","publisher":{"@id":"https:\/\/eltermometro.mx\/#organization"},"potentialAction":[{"@type":"SearchAction","target":{"@type":"EntryPoint","urlTemplate":"https:\/\/eltermometro.mx\/?s={search_term_string}"},"query-input":{"@type":"PropertyValueSpecification","valueRequired":true,"valueName":"search_term_string"}}],"inLanguage":"es"},{"@type":"Organization","@id":"https:\/\/eltermometro.mx\/#organization","name":"El Tem\u00f3metro de la Noticia","url":"https:\/\/eltermometro.mx\/","logo":{"@type":"ImageObject","inLanguage":"es","@id":"https:\/\/eltermometro.mx\/#\/schema\/logo\/image\/","url":"https:\/\/eltermometro.mx\/wp-content\/uploads\/2024\/09\/cropped-logo-ok.png","contentUrl":"https:\/\/eltermometro.mx\/wp-content\/uploads\/2024\/09\/cropped-logo-ok.png","width":800,"height":224,"caption":"El Tem\u00f3metro de la Noticia"},"image":{"@id":"https:\/\/eltermometro.mx\/#\/schema\/logo\/image\/"},"sameAs":["https:\/\/www.facebook.com\/eltermometrodelanoticia.mx\/"]},{"@type":"Person","@id":"https:\/\/eltermometro.mx\/#\/schema\/person\/639e7bbb8ebc8278e3840b35c51713e0","name":"Staff El Term\u00f3metro de la Noticia","url":"https:\/\/eltermometro.mx\/index.php\/author\/staff\/"}]}},"_links":{"self":[{"href":"https:\/\/eltermometro.mx\/index.php\/wp-json\/wp\/v2\/posts\/7793","targetHints":{"allow":["GET"]}}],"collection":[{"href":"https:\/\/eltermometro.mx\/index.php\/wp-json\/wp\/v2\/posts"}],"about":[{"href":"https:\/\/eltermometro.mx\/index.php\/wp-json\/wp\/v2\/types\/post"}],"author":[{"embeddable":true,"href":"https:\/\/eltermometro.mx\/index.php\/wp-json\/wp\/v2\/users\/2"}],"replies":[{"embeddable":true,"href":"https:\/\/eltermometro.mx\/index.php\/wp-json\/wp\/v2\/comments?post=7793"}],"version-history":[{"count":1,"href":"https:\/\/eltermometro.mx\/index.php\/wp-json\/wp\/v2\/posts\/7793\/revisions"}],"predecessor-version":[{"id":7794,"href":"https:\/\/eltermometro.mx\/index.php\/wp-json\/wp\/v2\/posts\/7793\/revisions\/7794"}],"wp:featuredmedia":[{"embeddable":true,"href":"https:\/\/eltermometro.mx\/index.php\/wp-json\/wp\/v2\/media\/7778"}],"wp:attachment":[{"href":"https:\/\/eltermometro.mx\/index.php\/wp-json\/wp\/v2\/media?parent=7793"}],"wp:term":[{"taxonomy":"category","embeddable":true,"href":"https:\/\/eltermometro.mx\/index.php\/wp-json\/wp\/v2\/categories?post=7793"},{"taxonomy":"post_tag","embeddable":true,"href":"https:\/\/eltermometro.mx\/index.php\/wp-json\/wp\/v2\/tags?post=7793"}],"curies":[{"name":"wp","href":"https:\/\/api.w.org\/{rel}","templated":true}]}}